{"id":1175,"date":"2017-11-30T12:38:07","date_gmt":"2017-11-30T12:38:07","guid":{"rendered":"http:\/\/localhost\/autoconsumo\/?p=1175"},"modified":"2017-12-18T18:24:36","modified_gmt":"2017-12-18T18:24:36","slug":"mandataria-encabeza-ceremonia-de-inauguracion-de-paneles-solares-en-el-palacio-de-la-moneda","status":"publish","type":"post","link":"https:\/\/autoconsumo.minenergia.cl\/?p=1175","title":{"rendered":"Mandataria encabeza ceremonia de inauguraci\u00f3n de Paneles Solares en el Palacio de La Moneda"},"content":{"rendered":"<p><img loading=\"lazy\" decoding=\"async\" class=\"alignnone wp-image-1174\" src=\"https:\/\/autoconsumo.minenergia.cl\/wp-content\/uploads\/2017\/11\/img_3860-1-300x94.jpg\" alt=\"\" width=\"559\" height=\"175\" srcset=\"https:\/\/autoconsumo.minenergia.cl\/wp-content\/uploads\/2017\/11\/img_3860-1-300x94.jpg 300w, https:\/\/autoconsumo.minenergia.cl\/wp-content\/uploads\/2017\/11\/img_3860-1-768x240.jpg 768w, https:\/\/autoconsumo.minenergia.cl\/wp-content\/uploads\/2017\/11\/img_3860-1-660x206.jpg 660w, https:\/\/autoconsumo.minenergia.cl\/wp-content\/uploads\/2017\/11\/img_3860-1.jpg 960w\" sizes=\"auto, (max-width: 559px) 100vw, 559px\" \/><\/p>\n<p>Los paneles suministrar\u00e1n parte de la energ\u00eda el\u00e9ctrica consumida por las actividades del Palacio, generando un ahorro esperado de $2.831.292 al a\u00f1o en consumo el\u00e9ctrico, y evitando la producci\u00f3n de 14,77 toneladas de CO2.<\/p>\n<p>En el patio de los Naranjos del Palacio de la Moneda, la Presidenta de la Rep\u00fablica, Michelle Bachelet, acompa\u00f1ada por el ministro de Energ\u00eda, Andr\u00e9s Rebolledo, particip\u00f3 en la ceremonia de inauguraci\u00f3n de Paneles Solares en el Palacio de La Moneda.<\/p>\n<p>Estos paneles permitir\u00e1n generar parte de la energ\u00eda el\u00e9ctrica consumida por las actividades del Palacio, generando un ahorro esperado de $2.831.292 al a\u00f1o en consumo el\u00e9ctrico, y evitando la producci\u00f3n de 14,77 toneladas de CO2.<\/p>\n<p>\u201cCon un aporte de 37.200 kilowatt\/hora anuales a la energ\u00eda que utilizamos en este Palacio, estas placas fotovoltaicas son una fuente limpia, segura y eficiente para la electricidad que se necesita en todas las actividades diarias\u201d, afirm\u00f3.<\/p>\n<p>Esta iniciativa forma parte del Programa de Techos Solares P\u00fablicos del Ministerio de Energ\u00eda, en virtud del cual se instalar\u00e1 un total de 122 techos solares en edificios p\u00fablicos y de inter\u00e9s social.<\/p>\n<p>En esta l\u00ednea, destac\u00f3 que establecimientos como el Centro Cultural Gabriela Mistral, Hospitales, Escuelas, Juzgados, sedes de la Telet\u00f3n y edificios municipales, entre otros, ser\u00e1n parte de este programa.<br \/>\n\u201cCon estos 122 techos solares, vamos a agregar una capacidad de producci\u00f3n de alrededor de 4,8 Mega Watts, generando en conjunto un ahorro de casi 545 millones de pesos anuales, y evitando la emisi\u00f3n de aproximadamente 3.500 toneladas de CO2 al a\u00f1o. Y esto se suma a los esfuerzos que hemos realizado para cambiar la matriz energ\u00e9tica, lo que nos ha permitido pasar de un 6,3% de nuestra matriz energ\u00e9tica proveniente de Energ\u00edas Renovables No Convencionales, que era lo que ten\u00edamos en diciembre del a\u00f1o 2013, a un 19% a fines del mes pasado\u201d, afirm\u00f3.<\/p>\n<p>Y al finalizar sus palabras, la m\u00e1xima autoridad del pa\u00eds hizo un llamado a seguir avanzando en el progreso del pa\u00eds.<\/p>\n<p>\u201cLos avances que hemos tenido en estos 4 a\u00f1os en materia energ\u00e9tica son un ejemplo a nivel mundial y un orgullo para nuestro pa\u00eds. A trav\u00e9s de ellos estamos sentando las bases de un futuro m\u00e1s limpio y seguro para Chile. Estamos sentando las bases para un Chile mejor\u201d, sostuvo.<\/p>\n<p>A lo anterior agreg\u00f3 que \u201ctodos estos cambios, que el mundo mira con admiraci\u00f3n, los hemos hecho en tiempos de \u201cvacas flacas\u201d. Pero estamos entregando una econom\u00eda que recupera sus fuerzas, por lo que el pr\u00f3ximo Presidente o Presidenta de Chile no tendr\u00e1 excusas para no mantener estas bases de un Chile mejor como beneficios permanentes para nuestros compatriotas\u201d.<\/p>\n<p>Fuente:\u00a0<a href=\"http:\/\/www.energia.gob.cl\/tema-de-interes\/mandataria-encabeza-ceremonia-de\">http:\/\/www.energia.gob.cl<\/a><\/p>\n<p>&nbsp;<\/p>\n","protected":false},"excerpt":{"rendered":"<p>Los paneles suministrar\u00e1n parte de la energ\u00eda el\u00e9ctrica consumida por las actividades del Palacio, generando un ahorro esperado de $2.831.292 al a\u00f1o en consumo el\u00e9ctrico, y evitando la producci\u00f3n de 14,77 toneladas de CO2. En el patio de los Naranjos del Palacio de la Moneda, la Presidenta de la Rep\u00fablica, Michelle Bachelet, acompa\u00f1ada por el [&hellip;]<\/p>\n","protected":false},"author":3,"featured_media":1174,"comment_status":"open","ping_status":"open","sticky":false,"template":"","format":"standard","meta":{"footnotes":""},"categories":[3],"tags":[],"class_list":["post-1175","post","type-post","status-publish","format-standard","has-post-thumbnail","hentry","category-noticias"],"_links":{"self":[{"href":"https:\/\/autoconsumo.minenergia.cl\/index.php?rest_route=\/wp\/v2\/posts\/1175","targetHints":{"allow":["GET"]}}],"collection":[{"href":"https:\/\/autoconsumo.minenergia.cl\/index.php?rest_route=\/wp\/v2\/posts"}],"about":[{"href":"https:\/\/autoconsumo.minenergia.cl\/index.php?rest_route=\/wp\/v2\/types\/post"}],"author":[{"embeddable":true,"href":"https:\/\/autoconsumo.minenergia.cl\/index.php?rest_route=\/wp\/v2\/users\/3"}],"replies":[{"embeddable":true,"href":"https:\/\/autoconsumo.minenergia.cl\/index.php?rest_route=%2Fwp%2Fv2%2Fcomments&post=1175"}],"version-history":[{"count":5,"href":"https:\/\/autoconsumo.minenergia.cl\/index.php?rest_route=\/wp\/v2\/posts\/1175\/revisions"}],"predecessor-version":[{"id":1370,"href":"https:\/\/autoconsumo.minenergia.cl\/index.php?rest_route=\/wp\/v2\/posts\/1175\/revisions\/1370"}],"wp:featuredmedia":[{"embeddable":true,"href":"https:\/\/autoconsumo.minenergia.cl\/index.php?rest_route=\/wp\/v2\/media\/1174"}],"wp:attachment":[{"href":"https:\/\/autoconsumo.minenergia.cl\/index.php?rest_route=%2Fwp%2Fv2%2Fmedia&parent=1175"}],"wp:term":[{"taxonomy":"category","embeddable":true,"href":"https:\/\/autoconsumo.minenergia.cl\/index.php?rest_route=%2Fwp%2Fv2%2Fcategories&post=1175"},{"taxonomy":"post_tag","embeddable":true,"href":"https:\/\/autoconsumo.minenergia.cl\/index.php?rest_route=%2Fwp%2Fv2%2Ftags&post=1175"}],"curies":[{"name":"wp","href":"https:\/\/api.w.org\/{rel}","templated":true}]}}