{"id":1731,"date":"2018-01-22T17:57:36","date_gmt":"2018-01-22T17:57:36","guid":{"rendered":"http:\/\/www.minenergia.cl\/autoconsumo\/?p=1731"},"modified":"2018-01-22T18:10:34","modified_gmt":"2018-01-22T18:10:34","slug":"como-crece-la-generacion-distribuida-en-chile","status":"publish","type":"post","link":"https:\/\/autoconsumo.minenergia.cl\/?p=1731","title":{"rendered":"C\u00f3mo crece la generaci\u00f3n distribuida en Chile"},"content":{"rendered":"<p>El\u00a0llamado Net Billing, la conexi\u00f3n de Peque\u00f1os y Medianos Generadores de Distribuci\u00f3n a la red el\u00e9ctrica y proyectos de autoabastecimiento superiores a 100 kW son las principales modalidades con las que se est\u00e1 desarrollando este nuevo modelo de negocios en el sector el\u00e9ctrico, lo que ha permitido la aparici\u00f3n de nuevos actores, entre proveedores e instaladores.<\/p>\n<p>Leer el reportaje completo en <a href=\"http:\/\/www.revistaei.cl\/reportajes\/como-crece-la-generacion-distribuida-en-chile\/\">Revista Electricidad<\/a><\/p>\n<p><img loading=\"lazy\" decoding=\"async\" class=\"alignnone size-full wp-image-1732\" src=\"https:\/\/autoconsumo.minenergia.cl\/wp-content\/uploads\/2018\/01\/Noticia-Generacion-Distribuida.jpg\" alt=\"\" width=\"933\" height=\"508\" srcset=\"https:\/\/autoconsumo.minenergia.cl\/wp-content\/uploads\/2018\/01\/Noticia-Generacion-Distribuida.jpg 933w, https:\/\/autoconsumo.minenergia.cl\/wp-content\/uploads\/2018\/01\/Noticia-Generacion-Distribuida-300x163.jpg 300w, https:\/\/autoconsumo.minenergia.cl\/wp-content\/uploads\/2018\/01\/Noticia-Generacion-Distribuida-768x418.jpg 768w, https:\/\/autoconsumo.minenergia.cl\/wp-content\/uploads\/2018\/01\/Noticia-Generacion-Distribuida-660x359.jpg 660w\" sizes=\"auto, (max-width: 933px) 100vw, 933px\" \/><\/p>\n<p>Imagen: Sistema fotovoltaico del Programa Techos Solares P\u00fablicos en Vallenar. Foto: Gentileza GIZ Chile-Hugo Mu\u00f1oz.<\/p>\n<p>&nbsp;<\/p>\n","protected":false},"excerpt":{"rendered":"<p>El\u00a0llamado Net Billing, la conexi\u00f3n de Peque\u00f1os y Medianos Generadores de Distribuci\u00f3n a la red el\u00e9ctrica y proyectos de autoabastecimiento superiores a 100 kW son las principales modalidades con las que se est\u00e1 desarrollando este nuevo modelo de negocios en el sector el\u00e9ctrico, lo que ha permitido la aparici\u00f3n de nuevos actores, entre proveedores e [&hellip;]<\/p>\n","protected":false},"author":3,"featured_media":1732,"comment_status":"open","ping_status":"open","sticky":false,"template":"","format":"standard","meta":{"footnotes":""},"categories":[3],"tags":[],"class_list":["post-1731","post","type-post","status-publish","format-standard","has-post-thumbnail","hentry","category-noticias"],"_links":{"self":[{"href":"https:\/\/autoconsumo.minenergia.cl\/index.php?rest_route=\/wp\/v2\/posts\/1731","targetHints":{"allow":["GET"]}}],"collection":[{"href":"https:\/\/autoconsumo.minenergia.cl\/index.php?rest_route=\/wp\/v2\/posts"}],"about":[{"href":"https:\/\/autoconsumo.minenergia.cl\/index.php?rest_route=\/wp\/v2\/types\/post"}],"author":[{"embeddable":true,"href":"https:\/\/autoconsumo.minenergia.cl\/index.php?rest_route=\/wp\/v2\/users\/3"}],"replies":[{"embeddable":true,"href":"https:\/\/autoconsumo.minenergia.cl\/index.php?rest_route=%2Fwp%2Fv2%2Fcomments&post=1731"}],"version-history":[{"count":4,"href":"https:\/\/autoconsumo.minenergia.cl\/index.php?rest_route=\/wp\/v2\/posts\/1731\/revisions"}],"predecessor-version":[{"id":1736,"href":"https:\/\/autoconsumo.minenergia.cl\/index.php?rest_route=\/wp\/v2\/posts\/1731\/revisions\/1736"}],"wp:featuredmedia":[{"embeddable":true,"href":"https:\/\/autoconsumo.minenergia.cl\/index.php?rest_route=\/wp\/v2\/media\/1732"}],"wp:attachment":[{"href":"https:\/\/autoconsumo.minenergia.cl\/index.php?rest_route=%2Fwp%2Fv2%2Fmedia&parent=1731"}],"wp:term":[{"taxonomy":"category","embeddable":true,"href":"https:\/\/autoconsumo.minenergia.cl\/index.php?rest_route=%2Fwp%2Fv2%2Fcategories&post=1731"},{"taxonomy":"post_tag","embeddable":true,"href":"https:\/\/autoconsumo.minenergia.cl\/index.php?rest_route=%2Fwp%2Fv2%2Ftags&post=1731"}],"curies":[{"name":"wp","href":"https:\/\/api.w.org\/{rel}","templated":true}]}}