{"id":1818,"date":"2018-01-26T11:17:35","date_gmt":"2018-01-26T11:17:35","guid":{"rendered":"http:\/\/www.minenergia.cl\/autoconsumo\/?p=1818"},"modified":"2018-01-26T11:17:36","modified_gmt":"2018-01-26T11:17:36","slug":"inauguran-primer-techo-solar-publico-con-modelo-esco","status":"publish","type":"post","link":"https:\/\/autoconsumo.minenergia.cl\/?p=1818","title":{"rendered":"Inauguran primer techo solar p\u00fablico con modelo ESCO"},"content":{"rendered":"<p><img loading=\"lazy\" decoding=\"async\" class=\"alignnone size-full wp-image-1819\" src=\"https:\/\/autoconsumo.minenergia.cl\/wp-content\/uploads\/2018\/01\/MDS.jpg\" alt=\"\" width=\"930\" height=\"475\" srcset=\"https:\/\/autoconsumo.minenergia.cl\/wp-content\/uploads\/2018\/01\/MDS.jpg 930w, https:\/\/autoconsumo.minenergia.cl\/wp-content\/uploads\/2018\/01\/MDS-300x153.jpg 300w, https:\/\/autoconsumo.minenergia.cl\/wp-content\/uploads\/2018\/01\/MDS-768x392.jpg 768w, https:\/\/autoconsumo.minenergia.cl\/wp-content\/uploads\/2018\/01\/MDS-660x337.jpg 660w\" sizes=\"auto, (max-width: 930px) 100vw, 930px\" \/><\/p>\n<p>Techo Solar del Ministerio de Desarrollo Social evitar\u00e1 contaminar m\u00e1s de 41 Toneladas de CO2 al a\u00f1o.\u00a0En total son 300 paneles solares que contribuir\u00e1n al desarrollo sostenible de acuerdo a la Agenda 2030, suscrita por Chile en 2015.<\/p>\n<p>El Ministro\u00a0de Energ\u00eda, Andr\u00e9s Rebolledo, junto al Ministro de Desarrollo Social, Marcos Barraza,\u00a0y la Subsecretaria de Evaluaci\u00f3n Social, Heidi Berner, inauguraron los\u00a0 paneles solares ubicados en la azotea del edificio institucional construidos bajo el sistema de servicios energ\u00e9ticos (ESCO), siendo el primer establecimiento p\u00fablico en contar con \u00e9l.<\/p>\n<p>El Ministro de Energ\u00eda, Andr\u00e9s Rebolledo, explic\u00f3 la importancia de este sistema pues \u201ces un modelo que nos permite superar la barrera de la inversi\u00f3n inicial, dado que el usuario final no es el que invierte. Este es el primer\u00a0 proyecto fotovoltaico en un edificio p\u00fablico a trav\u00e9s de un contrato con una empresa de servicios energ\u00e9ticos (ESCO), y esperamos que otras instituciones se sigan sumando\u201c.<\/p>\n<p>El Ministro de Desarrollo Social, Marcos Barraza, detall\u00f3 que el edificio \u201ces inclusivo, tiene accesibilidad universal en todas sus dependencias, pensando en las personas en situaci\u00f3n de discapacidad. Y adem\u00e1s, ahora, es un edificio que tiene energ\u00eda autosustentable por estos paneles fotovoltaicos, los cuales proveen energ\u00eda limpia y renovable de acuerdo a los objetivos de la Agenda 2030\u201d.<\/p>\n<p><img loading=\"lazy\" decoding=\"async\" class=\"alignnone  wp-image-1820\" src=\"https:\/\/autoconsumo.minenergia.cl\/wp-content\/uploads\/2018\/01\/mds-2.jpg\" alt=\"\" width=\"912\" height=\"684\" srcset=\"https:\/\/autoconsumo.minenergia.cl\/wp-content\/uploads\/2018\/01\/mds-2.jpg 2016w, https:\/\/autoconsumo.minenergia.cl\/wp-content\/uploads\/2018\/01\/mds-2-300x225.jpg 300w, https:\/\/autoconsumo.minenergia.cl\/wp-content\/uploads\/2018\/01\/mds-2-768x576.jpg 768w, https:\/\/autoconsumo.minenergia.cl\/wp-content\/uploads\/2018\/01\/mds-2-1024x768.jpg 1024w, https:\/\/autoconsumo.minenergia.cl\/wp-content\/uploads\/2018\/01\/mds-2-660x495.jpg 660w\" sizes=\"auto, (max-width: 912px) 100vw, 912px\" \/><\/p>\n<p>La implementaci\u00f3n de este innovador sistema funciona bajo el Modelo ESCO, formula de financiamiento que evita cualquier tipo de gastos por parte de la entidad. La empresa dise\u00f1a, financia, instala, opera y mantiene el proyecto\u00a0 por un per\u00edodo de 15 a\u00f1os. La instituci\u00f3n compra\u00a0 toda la energ\u00eda generada por los paneles solares a una tarifa inferior; en este caso, un 14,1%.<\/p>\n<p>La vida \u00fatil del sistema fotovoltaico es de 20 a\u00f1os. Hay m\u00e1s de 1.500 sistemas acogidos a la ley de generaci\u00f3n distribuida en el pa\u00eds. El sistema fotovoltaico en el edificio del Ministerio de Desarrollo Social es de 80 kW y se estima que generar\u00e1 119.500 KWh\/a\u00f1o, a una tarifa de 75$\/kWh.\u00a0 Cada panel solar tiene 270 Watts; todos ubicados en una superficie de 900 m2.<\/p>\n<p>Fuente:\u00a0http:\/\/www.energia.gob.cl<\/p>\n","protected":false},"excerpt":{"rendered":"<p>Techo Solar del Ministerio de Desarrollo Social evitar\u00e1 contaminar m\u00e1s de 41 Toneladas de CO2 al a\u00f1o.\u00a0En total son 300 paneles solares que contribuir\u00e1n al desarrollo sostenible de acuerdo a la Agenda 2030, suscrita por Chile en 2015. El Ministro\u00a0de Energ\u00eda, Andr\u00e9s Rebolledo, junto al Ministro de Desarrollo Social, Marcos Barraza,\u00a0y la Subsecretaria de Evaluaci\u00f3n [&hellip;]<\/p>\n","protected":false},"author":3,"featured_media":1819,"comment_status":"open","ping_status":"open","sticky":false,"template":"","format":"standard","meta":{"footnotes":""},"categories":[3],"tags":[],"class_list":["post-1818","post","type-post","status-publish","format-standard","has-post-thumbnail","hentry","category-noticias"],"_links":{"self":[{"href":"https:\/\/autoconsumo.minenergia.cl\/index.php?rest_route=\/wp\/v2\/posts\/1818","targetHints":{"allow":["GET"]}}],"collection":[{"href":"https:\/\/autoconsumo.minenergia.cl\/index.php?rest_route=\/wp\/v2\/posts"}],"about":[{"href":"https:\/\/autoconsumo.minenergia.cl\/index.php?rest_route=\/wp\/v2\/types\/post"}],"author":[{"embeddable":true,"href":"https:\/\/autoconsumo.minenergia.cl\/index.php?rest_route=\/wp\/v2\/users\/3"}],"replies":[{"embeddable":true,"href":"https:\/\/autoconsumo.minenergia.cl\/index.php?rest_route=%2Fwp%2Fv2%2Fcomments&post=1818"}],"version-history":[{"count":1,"href":"https:\/\/autoconsumo.minenergia.cl\/index.php?rest_route=\/wp\/v2\/posts\/1818\/revisions"}],"predecessor-version":[{"id":1821,"href":"https:\/\/autoconsumo.minenergia.cl\/index.php?rest_route=\/wp\/v2\/posts\/1818\/revisions\/1821"}],"wp:featuredmedia":[{"embeddable":true,"href":"https:\/\/autoconsumo.minenergia.cl\/index.php?rest_route=\/wp\/v2\/media\/1819"}],"wp:attachment":[{"href":"https:\/\/autoconsumo.minenergia.cl\/index.php?rest_route=%2Fwp%2Fv2%2Fmedia&parent=1818"}],"wp:term":[{"taxonomy":"category","embeddable":true,"href":"https:\/\/autoconsumo.minenergia.cl\/index.php?rest_route=%2Fwp%2Fv2%2Fcategories&post=1818"},{"taxonomy":"post_tag","embeddable":true,"href":"https:\/\/autoconsumo.minenergia.cl\/index.php?rest_route=%2Fwp%2Fv2%2Ftags&post=1818"}],"curies":[{"name":"wp","href":"https:\/\/api.w.org\/{rel}","templated":true}]}}