{"id":1857,"date":"2018-02-05T15:31:56","date_gmt":"2018-02-05T15:31:56","guid":{"rendered":"http:\/\/www.minenergia.cl\/autoconsumo\/?p=1857"},"modified":"2018-02-06T15:32:59","modified_gmt":"2018-02-06T15:32:59","slug":"vitacura-lanza-licitacion-para-suministro-de-energia-solar-en-centro-civico-via-modelo-esco","status":"publish","type":"post","link":"https:\/\/autoconsumo.minenergia.cl\/?p=1857","title":{"rendered":"Vitacura lanza licitaci\u00f3n para suministro de energ\u00eda solar en Centro Civico v\u00eda modelo ESCO"},"content":{"rendered":"<p><img loading=\"lazy\" decoding=\"async\" class=\"alignnone size-full wp-image-1858\" src=\"https:\/\/autoconsumo.minenergia.cl\/wp-content\/uploads\/2018\/02\/vitacura.jpg\" alt=\"\" width=\"555\" height=\"273\" srcset=\"https:\/\/autoconsumo.minenergia.cl\/wp-content\/uploads\/2018\/02\/vitacura.jpg 555w, https:\/\/autoconsumo.minenergia.cl\/wp-content\/uploads\/2018\/02\/vitacura-300x148.jpg 300w\" sizes=\"auto, (max-width: 555px) 100vw, 555px\" \/><\/p>\n<p>Vitacura ha licitado la\u00a0compra de energ\u00eda el\u00e9ctrica a una empresa que se rija bajo el modelo ESCO, quien estar\u00e1 encargada de la implementaci\u00f3n y explotaci\u00f3n de una planta solar fotovoltaica instalada en el techo del Centro C\u00edvico de Vitacura CCV, bajo el modelo ESCO de venta de energ\u00eda el\u00e9ctrica, con la finalidad de generar energ\u00eda el\u00e9ctrica que permita abastecer los consumos el\u00e9ctricos propios del edificio CCV\u00a0 v\u00eda autoconsumo.<\/p>\n<p>Mas informaci\u00f3n en:\u00a0<a href=\"http:\/\/www.mercadopublico.cl\/Procurement\/Modules\/RFB\/DetailsAcquisition.aspx?qs=ggZN9v9B1OBcJUaHOD4tW\/fpxCVk5veF6KtsPkHy9wtFNN6xFflJFWzvDYOEsxHh\">Mercado P\u00fablico<\/a>, <a href=\"https:\/\/www.df.cl\/noticias\/empresas\/actualidad\/vitacura-inicia-licitacion-para-suministro-de-energia-solar-en-edificio\/2018-02-02\/202709.html\">Diario Financiero<\/a><\/p>\n","protected":false},"excerpt":{"rendered":"<p>Vitacura ha licitado la\u00a0compra de energ\u00eda el\u00e9ctrica a una empresa que se rija bajo el modelo ESCO, quien estar\u00e1 encargada de la implementaci\u00f3n y explotaci\u00f3n de una planta solar fotovoltaica instalada en el techo del Centro C\u00edvico de Vitacura CCV, bajo el modelo ESCO de venta de energ\u00eda el\u00e9ctrica, con la finalidad de generar energ\u00eda [&hellip;]<\/p>\n","protected":false},"author":3,"featured_media":1858,"comment_status":"open","ping_status":"open","sticky":false,"template":"","format":"standard","meta":{"footnotes":""},"categories":[3],"tags":[],"class_list":["post-1857","post","type-post","status-publish","format-standard","has-post-thumbnail","hentry","category-noticias"],"_links":{"self":[{"href":"https:\/\/autoconsumo.minenergia.cl\/index.php?rest_route=\/wp\/v2\/posts\/1857","targetHints":{"allow":["GET"]}}],"collection":[{"href":"https:\/\/autoconsumo.minenergia.cl\/index.php?rest_route=\/wp\/v2\/posts"}],"about":[{"href":"https:\/\/autoconsumo.minenergia.cl\/index.php?rest_route=\/wp\/v2\/types\/post"}],"author":[{"embeddable":true,"href":"https:\/\/autoconsumo.minenergia.cl\/index.php?rest_route=\/wp\/v2\/users\/3"}],"replies":[{"embeddable":true,"href":"https:\/\/autoconsumo.minenergia.cl\/index.php?rest_route=%2Fwp%2Fv2%2Fcomments&post=1857"}],"version-history":[{"count":2,"href":"https:\/\/autoconsumo.minenergia.cl\/index.php?rest_route=\/wp\/v2\/posts\/1857\/revisions"}],"predecessor-version":[{"id":1860,"href":"https:\/\/autoconsumo.minenergia.cl\/index.php?rest_route=\/wp\/v2\/posts\/1857\/revisions\/1860"}],"wp:featuredmedia":[{"embeddable":true,"href":"https:\/\/autoconsumo.minenergia.cl\/index.php?rest_route=\/wp\/v2\/media\/1858"}],"wp:attachment":[{"href":"https:\/\/autoconsumo.minenergia.cl\/index.php?rest_route=%2Fwp%2Fv2%2Fmedia&parent=1857"}],"wp:term":[{"taxonomy":"category","embeddable":true,"href":"https:\/\/autoconsumo.minenergia.cl\/index.php?rest_route=%2Fwp%2Fv2%2Fcategories&post=1857"},{"taxonomy":"post_tag","embeddable":true,"href":"https:\/\/autoconsumo.minenergia.cl\/index.php?rest_route=%2Fwp%2Fv2%2Ftags&post=1857"}],"curies":[{"name":"wp","href":"https:\/\/api.w.org\/{rel}","templated":true}]}}