{"id":1862,"date":"2018-02-09T14:43:17","date_gmt":"2018-02-09T14:43:17","guid":{"rendered":"http:\/\/www.minenergia.cl\/autoconsumo\/?p=1862"},"modified":"2018-02-22T14:53:41","modified_gmt":"2018-02-22T14:53:41","slug":"modificaciones-a-la-ley-20-571-de-generacion-distribuida","status":"publish","type":"post","link":"https:\/\/autoconsumo.minenergia.cl\/?p=1862","title":{"rendered":"Modificaciones a la Ley 20.571 de Generaci\u00f3n Distribuida"},"content":{"rendered":"<p><img loading=\"lazy\" decoding=\"async\" class=\"alignnone size-full wp-image-1863\" src=\"https:\/\/autoconsumo.minenergia.cl\/wp-content\/uploads\/2018\/02\/netbilling.jpg\" alt=\"\" width=\"960\" height=\"300\" srcset=\"https:\/\/autoconsumo.minenergia.cl\/wp-content\/uploads\/2018\/02\/netbilling.jpg 960w, https:\/\/autoconsumo.minenergia.cl\/wp-content\/uploads\/2018\/02\/netbilling-300x94.jpg 300w, https:\/\/autoconsumo.minenergia.cl\/wp-content\/uploads\/2018\/02\/netbilling-768x240.jpg 768w, https:\/\/autoconsumo.minenergia.cl\/wp-content\/uploads\/2018\/02\/netbilling-660x206.jpg 660w\" sizes=\"auto, (max-width: 960px) 100vw, 960px\" \/><\/p>\n<p>El 9 de enero por unanimidad se aprob\u00f3 en el Senado, en primer tr\u00e1mite constitucional, el proyecto de ley que modifica la ley N\u00b0 20.571, de generaci\u00f3n distribuida, tambi\u00e9n conocida como de net-billing. El proyecto de ley pas\u00f3 a la C\u00e1mara de Diputados, en segundo tr\u00e1mite constitucional.<\/p>\n<p>Acogiendo parte de las modificaciones propuestas por una moci\u00f3n parlamentaria, se aprobaron los siguientes cambios planteados por el Ministerio de Energ\u00eda:<\/p>\n<p>a) Subir el l\u00edmite de capacidad instalada de los generadores desde 100 kW a 300 kW, para apoyar el desarrollo de proyectos de autoconsumo mayores, que benefician principalmente a actividades productivas, y;<\/p>\n<p>b) Reforzar que la Ley tiene por objetivo el fomento al autoconsumo y no la comercializaci\u00f3n de la energ\u00eda, la que tiene otro marco regulatorio (PMGD). Para ello se establece que los excedentes que, eventualmente, despu\u00e9s de un tiempo prolongado, por ejemplo uno o m\u00e1s a\u00f1os, no pudiesen descontarse de la cuenta de electricidad del establecimiento en el que est\u00e1 instalado el sistema de generaci\u00f3n, puedan descontarse de cuentas de suministro el\u00e9ctrico de otros establecimientos del mismo propietario (mismo RUT) y para la misma empresa distribuidora.<\/p>\n<p>Mas informaci\u00f3n <a href=\"http:\/\/www.energia.gob.cl\/tema-de-interes\/modificaciones-la-ley-20571-de\">aqu\u00ed.<\/a><\/p>\n","protected":false},"excerpt":{"rendered":"<p>El 9 de enero por unanimidad se aprob\u00f3 en el Senado, en primer tr\u00e1mite constitucional, el proyecto de ley que modifica la ley N\u00b0 20.571, de generaci\u00f3n distribuida, tambi\u00e9n conocida como de net-billing. El proyecto de ley pas\u00f3 a la C\u00e1mara de Diputados, en segundo tr\u00e1mite constitucional. Acogiendo parte de las modificaciones propuestas por una [&hellip;]<\/p>\n","protected":false},"author":3,"featured_media":1863,"comment_status":"open","ping_status":"open","sticky":false,"template":"","format":"standard","meta":{"footnotes":""},"categories":[3],"tags":[],"class_list":["post-1862","post","type-post","status-publish","format-standard","has-post-thumbnail","hentry","category-noticias"],"_links":{"self":[{"href":"https:\/\/autoconsumo.minenergia.cl\/index.php?rest_route=\/wp\/v2\/posts\/1862","targetHints":{"allow":["GET"]}}],"collection":[{"href":"https:\/\/autoconsumo.minenergia.cl\/index.php?rest_route=\/wp\/v2\/posts"}],"about":[{"href":"https:\/\/autoconsumo.minenergia.cl\/index.php?rest_route=\/wp\/v2\/types\/post"}],"author":[{"embeddable":true,"href":"https:\/\/autoconsumo.minenergia.cl\/index.php?rest_route=\/wp\/v2\/users\/3"}],"replies":[{"embeddable":true,"href":"https:\/\/autoconsumo.minenergia.cl\/index.php?rest_route=%2Fwp%2Fv2%2Fcomments&post=1862"}],"version-history":[{"count":1,"href":"https:\/\/autoconsumo.minenergia.cl\/index.php?rest_route=\/wp\/v2\/posts\/1862\/revisions"}],"predecessor-version":[{"id":1864,"href":"https:\/\/autoconsumo.minenergia.cl\/index.php?rest_route=\/wp\/v2\/posts\/1862\/revisions\/1864"}],"wp:featuredmedia":[{"embeddable":true,"href":"https:\/\/autoconsumo.minenergia.cl\/index.php?rest_route=\/wp\/v2\/media\/1863"}],"wp:attachment":[{"href":"https:\/\/autoconsumo.minenergia.cl\/index.php?rest_route=%2Fwp%2Fv2%2Fmedia&parent=1862"}],"wp:term":[{"taxonomy":"category","embeddable":true,"href":"https:\/\/autoconsumo.minenergia.cl\/index.php?rest_route=%2Fwp%2Fv2%2Fcategories&post=1862"},{"taxonomy":"post_tag","embeddable":true,"href":"https:\/\/autoconsumo.minenergia.cl\/index.php?rest_route=%2Fwp%2Fv2%2Ftags&post=1862"}],"curies":[{"name":"wp","href":"https:\/\/api.w.org\/{rel}","templated":true}]}}