{"id":1865,"date":"2018-02-22T14:53:12","date_gmt":"2018-02-22T14:53:12","guid":{"rendered":"http:\/\/www.minenergia.cl\/autoconsumo\/?p=1865"},"modified":"2018-02-22T14:54:07","modified_gmt":"2018-02-22T14:54:07","slug":"ministerios-de-energia-y-deportes-firman-convenio-para-promover-la-eficiencia-energetica-y-energias-limpias-en-centros-deportivos","status":"publish","type":"post","link":"https:\/\/autoconsumo.minenergia.cl\/?p=1865","title":{"rendered":"Ministerios de Energ\u00eda y Deportes firman convenio para promover la eficiencia energ\u00e9tica y energ\u00edas limpias en centros deportivos"},"content":{"rendered":"<p>El convenio tiene como foco principal establecer un v\u00ednculo de cooperaci\u00f3n y un marco de acci\u00f3n entre el Ministerio de Energ\u00eda, el Ministerio del Deporte y el Instituto Nacional de Deportes, que permita el desarrollo conjunto de proyectos y actividades relacionados con eficiencia energ\u00e9tica y energ\u00edas renovables. El acuerdo se enmarca tanto en la nueva Pol\u00edtica Energ\u00e9tica de Chile como en la Pol\u00edtica Nacional de Actividad F\u00edsica y Deporte 2016-2025, para as\u00ed avanzar en el concepto de sustentabilidad y equidad en el acceso a la energ\u00eda, en el marco de las pol\u00edticas ambientales institucionales y nacionales, con especial \u00e9nfasis en proyectos vinculados a infraestructura deportiva.<\/p>\n<p><a href=\"http:\/\/www.mindep.cl\/wp-content\/uploads\/2018\/02\/20180212_103649.jpg\"><img loading=\"lazy\" decoding=\"async\" src=\"http:\/\/www.mindep.cl\/wp-content\/uploads\/2018\/02\/20180212_103649.jpg\" alt=\"20180212_103649\" width=\"580\" height=\"300\" \/><\/a><\/p>\n<p>La Ministra (S) del Deporte Nicole S\u00e1ez se refiri\u00f3 a la importancia de la celebraci\u00f3n de este convenio: \u201cEsto es un esfuerzo conjunto y con una mirada intersectorial en materia de eficiencia energ\u00e9tica. La idea central es contar con el apoyo del Ministerio de Energ\u00eda para poner a disposici\u00f3n del Ministerio del Deporte todo el conocimiento en materia de gesti\u00f3n energ\u00e9tica y a la vez, que nosotros como Ministerio del Deporte pongamos a disposici\u00f3n nuestra infraestructura. Es una oportunidad de trabajo donde ambos ministerios puedan implementar estas mejoras en los m\u00faltiples lugares en los que los chilenos practican deporte y desarrollan actividad f\u00edsica\u201d.<\/p>\n<p><a href=\"http:\/\/www.mindep.cl\/wp-content\/uploads\/2018\/02\/20180212_104209.jpg\"><img loading=\"lazy\" decoding=\"async\" src=\"http:\/\/www.mindep.cl\/wp-content\/uploads\/2018\/02\/20180212_104209.jpg\" alt=\"20180212_104209\" width=\"580\" height=\"300\" \/><\/a><\/p>\n<p>Este convenio es el primero de muchos pasos. El Estadio Nacional es el s\u00edmbolo de esta nueva alianza, y es por eso por lo que comenz\u00f3 en el Centro Acu\u00e1tico del recinto, un lugar donde ya han comenzado los estudios que analizar\u00e1n de qu\u00e9 manera se puede gestionar la energ\u00eda de manera m\u00e1s eficiente. La intenci\u00f3n es poder abarcar una gran parte de los recintos que administra el Instituto Nacional de Deportes a lo largo de todo Chile.<\/p>\n<p><a href=\"http:\/\/www.mindep.cl\/wp-content\/uploads\/2018\/02\/20180212_104536.jpg\"><img loading=\"lazy\" decoding=\"async\" src=\"http:\/\/www.mindep.cl\/wp-content\/uploads\/2018\/02\/20180212_104536.jpg\" alt=\"20180212_104536\" width=\"580\" height=\"300\" \/><\/a><\/p>\n<p>Por su parte la Ministra (S) de Energ\u00eda, Jimena Jara, destac\u00f3 el trabajo intersectorial que implica el acuerdo: \u201cEste convenio permite dotar a la infraestructura deportiva de energ\u00edas renovables y de eficiencia energ\u00e9tica. Estos recintos son intensivos en el consumo de energ\u00eda y, por otra parte, las energ\u00edas renovables han llegado para quedarse. Tanto el deporte como la energ\u00eda tienen que converger en sus pol\u00edticas p\u00fablicas para la mejora en la calidad de vida de todos los chilenos\u201d.<\/p>\n<p>Fuente:\u00a0http:\/\/www.energia.gob.cl<\/p>\n","protected":false},"excerpt":{"rendered":"<p>El convenio tiene como foco principal establecer un v\u00ednculo de cooperaci\u00f3n y un marco de acci\u00f3n entre el Ministerio de Energ\u00eda, el Ministerio del Deporte y el Instituto Nacional de Deportes, que permita el desarrollo conjunto de proyectos y actividades relacionados con eficiencia energ\u00e9tica y energ\u00edas renovables. El acuerdo se enmarca tanto en la nueva [&hellip;]<\/p>\n","protected":false},"author":3,"featured_media":1866,"comment_status":"open","ping_status":"open","sticky":false,"template":"","format":"standard","meta":{"footnotes":""},"categories":[3,1],"tags":[],"class_list":["post-1865","post","type-post","status-publish","format-standard","has-post-thumbnail","hentry","category-noticias","category-sin-categoria"],"_links":{"self":[{"href":"https:\/\/autoconsumo.minenergia.cl\/index.php?rest_route=\/wp\/v2\/posts\/1865","targetHints":{"allow":["GET"]}}],"collection":[{"href":"https:\/\/autoconsumo.minenergia.cl\/index.php?rest_route=\/wp\/v2\/posts"}],"about":[{"href":"https:\/\/autoconsumo.minenergia.cl\/index.php?rest_route=\/wp\/v2\/types\/post"}],"author":[{"embeddable":true,"href":"https:\/\/autoconsumo.minenergia.cl\/index.php?rest_route=\/wp\/v2\/users\/3"}],"replies":[{"embeddable":true,"href":"https:\/\/autoconsumo.minenergia.cl\/index.php?rest_route=%2Fwp%2Fv2%2Fcomments&post=1865"}],"version-history":[{"count":1,"href":"https:\/\/autoconsumo.minenergia.cl\/index.php?rest_route=\/wp\/v2\/posts\/1865\/revisions"}],"predecessor-version":[{"id":1867,"href":"https:\/\/autoconsumo.minenergia.cl\/index.php?rest_route=\/wp\/v2\/posts\/1865\/revisions\/1867"}],"wp:featuredmedia":[{"embeddable":true,"href":"https:\/\/autoconsumo.minenergia.cl\/index.php?rest_route=\/wp\/v2\/media\/1866"}],"wp:attachment":[{"href":"https:\/\/autoconsumo.minenergia.cl\/index.php?rest_route=%2Fwp%2Fv2%2Fmedia&parent=1865"}],"wp:term":[{"taxonomy":"category","embeddable":true,"href":"https:\/\/autoconsumo.minenergia.cl\/index.php?rest_route=%2Fwp%2Fv2%2Fcategories&post=1865"},{"taxonomy":"post_tag","embeddable":true,"href":"https:\/\/autoconsumo.minenergia.cl\/index.php?rest_route=%2Fwp%2Fv2%2Ftags&post=1865"}],"curies":[{"name":"wp","href":"https:\/\/api.w.org\/{rel}","templated":true}]}}