{"id":1868,"date":"2018-02-26T12:54:33","date_gmt":"2018-02-26T12:54:33","guid":{"rendered":"http:\/\/www.minenergia.cl\/autoconsumo\/?p=1868"},"modified":"2018-02-26T12:54:33","modified_gmt":"2018-02-26T12:54:33","slug":"inauguraron-primer-condominio-social-en-altura-que-incorpora-sistemas-solares-termicos","status":"publish","type":"post","link":"https:\/\/autoconsumo.minenergia.cl\/?p=1868","title":{"rendered":"Inauguraron primer condominio social en altura que incorpora sistemas solares t\u00e9rmicos"},"content":{"rendered":"<p class=\"rtejustify\"><img loading=\"lazy\" decoding=\"async\" class=\"alignnone  wp-image-1869\" src=\"https:\/\/autoconsumo.minenergia.cl\/wp-content\/uploads\/2018\/02\/sst-reconstruccion.jpg\" alt=\"\" width=\"1181\" height=\"369\" srcset=\"https:\/\/autoconsumo.minenergia.cl\/wp-content\/uploads\/2018\/02\/sst-reconstruccion.jpg 960w, https:\/\/autoconsumo.minenergia.cl\/wp-content\/uploads\/2018\/02\/sst-reconstruccion-300x94.jpg 300w, https:\/\/autoconsumo.minenergia.cl\/wp-content\/uploads\/2018\/02\/sst-reconstruccion-768x240.jpg 768w, https:\/\/autoconsumo.minenergia.cl\/wp-content\/uploads\/2018\/02\/sst-reconstruccion-660x206.jpg 660w\" sizes=\"auto, (max-width: 1181px) 100vw, 1181px\" \/><\/p>\n<p class=\"rtejustify\"><strong>Adem\u00e1s Francisco I contempl\u00f3 soluciones de eficiencia energ\u00e9tica pasiva gracias a la aplicaci\u00f3n de dise\u00f1o con asoleamiento, lo que permitir\u00e1 que la mayor\u00eda de los departamentos puedan tener acceso al sol.<\/strong><\/p>\n<p class=\"rtejustify\"><strong>Valpara\u00edso 23 febrero 2018.-<\/strong>\u00a0Alto est\u00e1ndar en su construcci\u00f3n, 57 metros cuadrados de superficie por departamento, \u00e1reas verdes, completo equipamiento urbano y sistemas solares t\u00e9rmicos para el uso de agua caliente sanitaria. As\u00ed es el conjunto habitacional Francisco I, lugar donde 118 familias afectadas por el incendio de Valpara\u00edso en 2014 comenzar\u00e1n a vivir desde este mismo jueves luego de recibir las llaves de sus nuevos departamentos de manos de la ministra de Vivienda y Urbanismo, Paulina Saball, la Ministra (s) de Energ\u00eda, Jimena Jara y el intendente regional Gabriel Aldoney.<\/p>\n<p class=\"rtejustify\"><img loading=\"lazy\" decoding=\"async\" src=\"http:\/\/www.energia.gob.cl\/sites\/default\/files\/1_139.jpg\" alt=\"\" width=\"1200\" height=\"800\" \/><\/p>\n<p class=\"rtejustify\">Este nuevo conjunto que tendr\u00e1 en total 394 viviendas, cuya primera etapa fue entregada ayer, se desarroll\u00f3 a trav\u00e9s del Plan de Reconstrucci\u00f3n liderado por el Gobierno de la Presidenta Bachelet, en donde el Ministerio de Energ\u00eda no quiso quedar fuera y aport\u00f3 \u00a0m\u00e1s de 900 millones de pesos que permitieron subsidiar los sistemas soleres t\u00e9rmicos,\u00a0 el piso t\u00e9cnico, el reforzamiento techumbre y los calef\u00f3n modulante con las cuales fueron entregados los departamentos.<\/p>\n<p class=\"rtejustify\">La ministra Paulina Saball, quien encabez\u00f3 la ceremonia y dialog\u00f3 con los vecinos, destac\u00f3 que\u00a0 \u201ctodos compartimos la emoci\u00f3n porque el incendio de 2014 en Valpara\u00edso marc\u00f3 el inicio de nuestra gesti\u00f3n, fue un momento muy duro que nadie hubiese querido, y se gener\u00f3 una sensaci\u00f3n muy profunda de la necesidad de replantearse la ocupaci\u00f3n de los cerros de Valpara\u00edso y la urgencia de encontrar una soluci\u00f3n\u201d.<\/p>\n<p class=\"rtejustify\">El proyecto Francisco I contempl\u00f3 soluciones de eficiencia energ\u00e9tica pasiva gracias a la aplicaci\u00f3n de dise\u00f1o con asoleamiento, lo que permite que la gran mayor\u00eda de los departamentos puedan tener acceso al sol al menos una hora durante el d\u00eda. Adem\u00e1s, los departamentos cuentan con innovadores Sistemas Solares T\u00e9rmicos para el uso de agua caliente sanitaria, siendo el primer conjunto habitacional en altura en tener esta tecnolog\u00eda en la regi\u00f3n.<\/p>\n<p class=\"rtejustify\">\u00a0Al respecto, la ministra (s) de Energ\u00eda, Jimena Jara, quien tambi\u00e9n particip\u00f3 de la ceremonia de entrega, se\u00f1al\u00f3 que \u201cesto les va a permitir a quienes habiten estos departamentos un ahorro de unos 150 mil pesos al a\u00f1o, porque en vez de gas utilizar\u00e1n el sol para calentar el agua. Creemos que es un beneficio importante que adem\u00e1s se sumen a la revoluci\u00f3n energ\u00e9tica que hemos llevado adelante de la mano de las energ\u00edas renovables y de la eficiencia energ\u00e9tica\u201d.<\/p>\n<p class=\"rtejustify\"><img loading=\"lazy\" decoding=\"async\" src=\"http:\/\/www.energia.gob.cl\/sites\/default\/files\/2_117.jpg\" alt=\"\" width=\"1200\" height=\"588\" \/><\/p>\n<p class=\"rtejustify\">Finalmente la beneficiaria Patricia Bravo, se\u00f1al\u00f3 \u201cen estos momentos recibo mi hogar muy agradecida con el Estado y la Presidenta Bachelet, desde hoy comenzar\u00e9 una nueva etapa en mi vida siendo muy positiva\u201d.<\/p>\n<p class=\"rtejustify\">Fuente:\u00a0http:\/\/www.energia.gob.cl<\/p>\n<p class=\"rtejustify\">\n","protected":false},"excerpt":{"rendered":"<p>Adem\u00e1s Francisco I contempl\u00f3 soluciones de eficiencia energ\u00e9tica pasiva gracias a la aplicaci\u00f3n de dise\u00f1o con asoleamiento, lo que permitir\u00e1 que la mayor\u00eda de los departamentos puedan tener acceso al sol. Valpara\u00edso 23 febrero 2018.-\u00a0Alto est\u00e1ndar en su construcci\u00f3n, 57 metros cuadrados de superficie por departamento, \u00e1reas verdes, completo equipamiento urbano y sistemas solares t\u00e9rmicos [&hellip;]<\/p>\n","protected":false},"author":3,"featured_media":1869,"comment_status":"open","ping_status":"open","sticky":false,"template":"","format":"standard","meta":{"footnotes":""},"categories":[3],"tags":[],"class_list":["post-1868","post","type-post","status-publish","format-standard","has-post-thumbnail","hentry","category-noticias"],"_links":{"self":[{"href":"https:\/\/autoconsumo.minenergia.cl\/index.php?rest_route=\/wp\/v2\/posts\/1868","targetHints":{"allow":["GET"]}}],"collection":[{"href":"https:\/\/autoconsumo.minenergia.cl\/index.php?rest_route=\/wp\/v2\/posts"}],"about":[{"href":"https:\/\/autoconsumo.minenergia.cl\/index.php?rest_route=\/wp\/v2\/types\/post"}],"author":[{"embeddable":true,"href":"https:\/\/autoconsumo.minenergia.cl\/index.php?rest_route=\/wp\/v2\/users\/3"}],"replies":[{"embeddable":true,"href":"https:\/\/autoconsumo.minenergia.cl\/index.php?rest_route=%2Fwp%2Fv2%2Fcomments&post=1868"}],"version-history":[{"count":1,"href":"https:\/\/autoconsumo.minenergia.cl\/index.php?rest_route=\/wp\/v2\/posts\/1868\/revisions"}],"predecessor-version":[{"id":1870,"href":"https:\/\/autoconsumo.minenergia.cl\/index.php?rest_route=\/wp\/v2\/posts\/1868\/revisions\/1870"}],"wp:featuredmedia":[{"embeddable":true,"href":"https:\/\/autoconsumo.minenergia.cl\/index.php?rest_route=\/wp\/v2\/media\/1869"}],"wp:attachment":[{"href":"https:\/\/autoconsumo.minenergia.cl\/index.php?rest_route=%2Fwp%2Fv2%2Fmedia&parent=1868"}],"wp:term":[{"taxonomy":"category","embeddable":true,"href":"https:\/\/autoconsumo.minenergia.cl\/index.php?rest_route=%2Fwp%2Fv2%2Fcategories&post=1868"},{"taxonomy":"post_tag","embeddable":true,"href":"https:\/\/autoconsumo.minenergia.cl\/index.php?rest_route=%2Fwp%2Fv2%2Ftags&post=1868"}],"curies":[{"name":"wp","href":"https:\/\/api.w.org\/{rel}","templated":true}]}}