{"id":1874,"date":"2018-03-01T19:24:10","date_gmt":"2018-03-01T19:24:10","guid":{"rendered":"http:\/\/www.minenergia.cl\/autoconsumo\/?p=1874"},"modified":"2018-03-01T19:26:46","modified_gmt":"2018-03-01T19:26:46","slug":"inauguran-instalacion-fotovoltaica-en-centro-de-justicia-juvenil-de-atacama","status":"publish","type":"post","link":"https:\/\/autoconsumo.minenergia.cl\/?p=1874","title":{"rendered":"Inauguran instalaci\u00f3n fotovoltaica en Centro de Justicia Juvenil de Atacama"},"content":{"rendered":"<p><strong>La instalaci\u00f3n fotovoltaica donada por la empresa Acciona abastecer\u00e1 con energ\u00eda 100% renovable parte de los requerimientos energ\u00e9ticos del recinto.<\/strong><span id=\"more-5854\"><\/span><\/p>\n<p><img loading=\"lazy\" decoding=\"async\" class=\"alignnone size-full wp-image-1875\" src=\"https:\/\/autoconsumo.minenergia.cl\/wp-content\/uploads\/2018\/03\/sename.jpg\" alt=\"\" width=\"660\" height=\"440\" srcset=\"https:\/\/autoconsumo.minenergia.cl\/wp-content\/uploads\/2018\/03\/sename.jpg 660w, https:\/\/autoconsumo.minenergia.cl\/wp-content\/uploads\/2018\/03\/sename-300x200.jpg 300w\" sizes=\"auto, (max-width: 660px) 100vw, 660px\" \/><\/p>\n<p>El Gobierno Regional de Atacama y la empresa Acciona Energ\u00eda inauguraron un sistema fotovoltaico de 6.300 Wp (watts de potencia m\u00e1xima), que permitir\u00e1 al Centro de Justicia Juvenil de Copiap\u00f3, administrado por el Servicio Nacional de Menores (Sename), generar energ\u00eda 100% renovable para abastecer parte de su consumo el\u00e9ctrico.<\/p>\n<p>En una ceremonia realizada en el sector de Paipote, la intendenta de Atacama (s), Magaly Varas, y el gerente general de Acciona Energ\u00eda, Jos\u00e9 Ignacio Escobar, hicieron entrega al director regional del Sename, V\u00edctor Silva, y al director (s) del CIP CRC y CSC, Franco Castillo, la instalaci\u00f3n compuesta por 20 paneles solares, que permitir\u00e1n al recinto disminuir sus gastos en energ\u00eda y con ello, redirigir recursos al desarrollo de iniciativas que vayan en beneficio directo de los j\u00f3venes.<\/p>\n<p>\u201cGracias al apoyo de la empresa privada pudimos apalancar recursos para este proyecto. Hoy estamos viendo como este centro y sus j\u00f3venes tambi\u00e9n se ven beneficiados y tienen la cercan\u00eda para poder trabajar con energ\u00eda renovable, ver c\u00f3mo funciona y por qu\u00e9 no pensar que en alg\u00fan momento ellos puedan capacitarse para instalar estos sistemas y poder desarrollarse econ\u00f3micamente\u201d, manifest\u00f3 el seremi de Energ\u00eda, Rodolfo Guenchor.<\/p>\n<p>Por su parte, el director regional de Sename, V\u00edctor Silva, agradeci\u00f3 la iniciativa y se\u00f1al\u00f3 que \u201cindudablemente, nuestra labor como servicio es potenciar la reinserci\u00f3n social y laboral. Con esto se abre una puerta para empezar a focalizar talleres que est\u00e9n relacionados con el trabajo, la confecci\u00f3n, la instalaci\u00f3n, la supervisi\u00f3n de proyectos de energ\u00eda renovable\u201d.<\/p>\n<p>En el marco de las actividades de vinculaci\u00f3n social de Acciona en la Regi\u00f3n de Atacama, donde desde inicios de 2017 opera el proyecto Fotovoltaico El Romero, el m\u00e1s grande de Am\u00e9rica Latina, la compa\u00f1\u00eda don\u00f3 al gobierno regional a trav\u00e9s de la Seremi de Energ\u00eda, instalaciones fotovoltaicas que beneficiaron no s\u00f3lo al Centro de Internaci\u00f3n Provisoria (CIP), Centro de R\u00e9gimen Cerrado (CRC) y Centro Semi Cerrado (CSC), sino que tambi\u00e9n al Centro de Di\u00e1lisis de Diego de Almagro y a la Escuela Rural de Cachiyuyo, recintos que recibieron los sistemas fotovoltaicos que tambi\u00e9n estar\u00e1n conectados a la red el\u00e9ctrica p\u00fablica.<\/p>\n<p>\u201cLos proyectos de generaci\u00f3n limpia que hemos donado al gobierno regional de Atacama, refuerza nuestro compromiso de vinculaci\u00f3n social con la regi\u00f3n, en l\u00ednea con el objetivo global que tenemos como Acciona en torno a avanzar hacia una matriz energ\u00e9tica 100% renovable y respetuosa con el medio ambiente\u201d, se\u00f1al\u00f3 el gerente general de la empresa, Jos\u00e9 Ignacio Escobar.<\/p>\n<p>Cabe destacar que Acciona Energ\u00eda es un operador global en energ\u00edas renovables con m\u00e1s de 20 a\u00f1os de experiencia en el sector y casi 9.000 MW en propiedad. Dispone de 220 parques e\u00f3licos; 79 centrales hidroel\u00e9ctricas; seis plantas termosolares; centrales fotovoltaicas y tres plantas de biomasa.<\/p>\n<p>Fuente: <a href=\"http:\/\/www.sename.cl\/web\/2018\/02\/27\/inauguran-instalacion-fotovoltaica-en-centro-de-justicia-juvenil-de-atacama\/\">Sename.cl<\/a><\/p>\n","protected":false},"excerpt":{"rendered":"<p>La instalaci\u00f3n fotovoltaica donada por la empresa Acciona abastecer\u00e1 con energ\u00eda 100% renovable parte de los requerimientos energ\u00e9ticos del recinto. El Gobierno Regional de Atacama y la empresa Acciona Energ\u00eda inauguraron un sistema fotovoltaico de 6.300 Wp (watts de potencia m\u00e1xima), que permitir\u00e1 al Centro de Justicia Juvenil de Copiap\u00f3, administrado por el Servicio Nacional [&hellip;]<\/p>\n","protected":false},"author":3,"featured_media":1877,"comment_status":"open","ping_status":"open","sticky":false,"template":"","format":"standard","meta":{"footnotes":""},"categories":[3,1],"tags":[],"class_list":["post-1874","post","type-post","status-publish","format-standard","has-post-thumbnail","hentry","category-noticias","category-sin-categoria"],"_links":{"self":[{"href":"https:\/\/autoconsumo.minenergia.cl\/index.php?rest_route=\/wp\/v2\/posts\/1874","targetHints":{"allow":["GET"]}}],"collection":[{"href":"https:\/\/autoconsumo.minenergia.cl\/index.php?rest_route=\/wp\/v2\/posts"}],"about":[{"href":"https:\/\/autoconsumo.minenergia.cl\/index.php?rest_route=\/wp\/v2\/types\/post"}],"author":[{"embeddable":true,"href":"https:\/\/autoconsumo.minenergia.cl\/index.php?rest_route=\/wp\/v2\/users\/3"}],"replies":[{"embeddable":true,"href":"https:\/\/autoconsumo.minenergia.cl\/index.php?rest_route=%2Fwp%2Fv2%2Fcomments&post=1874"}],"version-history":[{"count":1,"href":"https:\/\/autoconsumo.minenergia.cl\/index.php?rest_route=\/wp\/v2\/posts\/1874\/revisions"}],"predecessor-version":[{"id":1876,"href":"https:\/\/autoconsumo.minenergia.cl\/index.php?rest_route=\/wp\/v2\/posts\/1874\/revisions\/1876"}],"wp:featuredmedia":[{"embeddable":true,"href":"https:\/\/autoconsumo.minenergia.cl\/index.php?rest_route=\/wp\/v2\/media\/1877"}],"wp:attachment":[{"href":"https:\/\/autoconsumo.minenergia.cl\/index.php?rest_route=%2Fwp%2Fv2%2Fmedia&parent=1874"}],"wp:term":[{"taxonomy":"category","embeddable":true,"href":"https:\/\/autoconsumo.minenergia.cl\/index.php?rest_route=%2Fwp%2Fv2%2Fcategories&post=1874"},{"taxonomy":"post_tag","embeddable":true,"href":"https:\/\/autoconsumo.minenergia.cl\/index.php?rest_route=%2Fwp%2Fv2%2Ftags&post=1874"}],"curies":[{"name":"wp","href":"https:\/\/api.w.org\/{rel}","templated":true}]}}