{"id":1902,"date":"2018-03-22T18:57:11","date_gmt":"2018-03-22T18:57:11","guid":{"rendered":"http:\/\/www.minenergia.cl\/autoconsumo\/?p=1902"},"modified":"2018-03-22T19:02:22","modified_gmt":"2018-03-22T19:02:22","slug":"guia-calderas-y-quemadores-a-biomasa-para-autoconsumo","status":"publish","type":"post","link":"https:\/\/autoconsumo.minenergia.cl\/?p=1902","title":{"rendered":"Gu\u00eda Calderas y Quemadores a Biomasa para Autoconsumo"},"content":{"rendered":"<p><a href=\"https:\/\/autoconsumo.minenergia.cl\/wp-content\/uploads\/2018\/03\/Gu%C3%ADa_GIZ_Biomasa_Final.pdf\">Gu\u00eda Calderas y Quemadores a Biomasa para Autoconsumo<\/a><\/p>\n<p><img loading=\"lazy\" decoding=\"async\" class=\"alignnone size-full wp-image-1903\" src=\"https:\/\/autoconsumo.minenergia.cl\/wp-content\/uploads\/2018\/03\/guia-calderas-biomasa.jpg\" alt=\"\" width=\"457\" height=\"628\" srcset=\"https:\/\/autoconsumo.minenergia.cl\/wp-content\/uploads\/2018\/03\/guia-calderas-biomasa.jpg 457w, https:\/\/autoconsumo.minenergia.cl\/wp-content\/uploads\/2018\/03\/guia-calderas-biomasa-218x300.jpg 218w\" sizes=\"auto, (max-width: 457px) 100vw, 457px\" \/><\/p>\n<p>La gu\u00eda <strong>Calderas y Quemadores a biomasa para Autoconsumo<\/strong> es un documento elaborado por el Ministerio de Energ\u00eda y GIZ a trav\u00e9s del proyecto <strong>NAMA Support Project: Energ\u00edas Renovables para el Autoconsumo<\/strong>. Este documento se ha desarrollado para informar a empresas interesadas en evaluar la instalaci\u00f3n de calderas y\/o quemadores de biomasa en sus procesos productivos. De esta forma, la gu\u00eda entrega conceptos generales sobre la tecnolog\u00eda, su funcionamiento, los pasos necesarios para concretar este tipo de proyectos, junto con un listado de empresas instaladores de la tecnolog\u00eda biomasa descrita.<\/p>\n","protected":false},"excerpt":{"rendered":"<p>Gu\u00eda Calderas y Quemadores a Biomasa para Autoconsumo La gu\u00eda Calderas y Quemadores a biomasa para Autoconsumo es un documento elaborado por el Ministerio de Energ\u00eda y GIZ a trav\u00e9s del proyecto NAMA Support Project: Energ\u00edas Renovables para el Autoconsumo. Este documento se ha desarrollado para informar a empresas interesadas en evaluar la instalaci\u00f3n de [&hellip;]<\/p>\n","protected":false},"author":3,"featured_media":1903,"comment_status":"open","ping_status":"open","sticky":false,"template":"","format":"standard","meta":{"footnotes":""},"categories":[6],"tags":[],"class_list":["post-1902","post","type-post","status-publish","format-standard","has-post-thumbnail","hentry","category-documentos"],"_links":{"self":[{"href":"https:\/\/autoconsumo.minenergia.cl\/index.php?rest_route=\/wp\/v2\/posts\/1902","targetHints":{"allow":["GET"]}}],"collection":[{"href":"https:\/\/autoconsumo.minenergia.cl\/index.php?rest_route=\/wp\/v2\/posts"}],"about":[{"href":"https:\/\/autoconsumo.minenergia.cl\/index.php?rest_route=\/wp\/v2\/types\/post"}],"author":[{"embeddable":true,"href":"https:\/\/autoconsumo.minenergia.cl\/index.php?rest_route=\/wp\/v2\/users\/3"}],"replies":[{"embeddable":true,"href":"https:\/\/autoconsumo.minenergia.cl\/index.php?rest_route=%2Fwp%2Fv2%2Fcomments&post=1902"}],"version-history":[{"count":5,"href":"https:\/\/autoconsumo.minenergia.cl\/index.php?rest_route=\/wp\/v2\/posts\/1902\/revisions"}],"predecessor-version":[{"id":1911,"href":"https:\/\/autoconsumo.minenergia.cl\/index.php?rest_route=\/wp\/v2\/posts\/1902\/revisions\/1911"}],"wp:featuredmedia":[{"embeddable":true,"href":"https:\/\/autoconsumo.minenergia.cl\/index.php?rest_route=\/wp\/v2\/media\/1903"}],"wp:attachment":[{"href":"https:\/\/autoconsumo.minenergia.cl\/index.php?rest_route=%2Fwp%2Fv2%2Fmedia&parent=1902"}],"wp:term":[{"taxonomy":"category","embeddable":true,"href":"https:\/\/autoconsumo.minenergia.cl\/index.php?rest_route=%2Fwp%2Fv2%2Fcategories&post=1902"},{"taxonomy":"post_tag","embeddable":true,"href":"https:\/\/autoconsumo.minenergia.cl\/index.php?rest_route=%2Fwp%2Fv2%2Ftags&post=1902"}],"curies":[{"name":"wp","href":"https:\/\/api.w.org\/{rel}","templated":true}]}}