{"id":1928,"date":"2018-03-05T12:05:25","date_gmt":"2018-03-05T12:05:25","guid":{"rendered":"http:\/\/www.minenergia.cl\/autoconsumo\/?p=1928"},"modified":"2018-03-28T14:00:18","modified_gmt":"2018-03-28T14:00:18","slug":"se-abren-postulaciones-para-los-barrios-solares-de-providencia","status":"publish","type":"post","link":"https:\/\/autoconsumo.minenergia.cl\/?p=1928","title":{"rendered":"Se abren postulaciones para los Barrios Solares de Providencia"},"content":{"rendered":"<div><img loading=\"lazy\" decoding=\"async\" class=\"alignnone size-full wp-image-1929\" src=\"https:\/\/autoconsumo.minenergia.cl\/wp-content\/uploads\/2018\/03\/providencia.jpg\" alt=\"\" width=\"1600\" height=\"533\" srcset=\"https:\/\/autoconsumo.minenergia.cl\/wp-content\/uploads\/2018\/03\/providencia.jpg 1600w, https:\/\/autoconsumo.minenergia.cl\/wp-content\/uploads\/2018\/03\/providencia-300x100.jpg 300w, https:\/\/autoconsumo.minenergia.cl\/wp-content\/uploads\/2018\/03\/providencia-768x256.jpg 768w, https:\/\/autoconsumo.minenergia.cl\/wp-content\/uploads\/2018\/03\/providencia-1024x341.jpg 1024w, https:\/\/autoconsumo.minenergia.cl\/wp-content\/uploads\/2018\/03\/providencia-660x220.jpg 660w\" sizes=\"auto, (max-width: 1600px) 100vw, 1600px\" \/><\/div>\n<div><\/div>\n<div>Ya est\u00e1n disponibles los formularios de inscripci\u00f3n a dos Proyectos de Inversi\u00f3n Energ\u00e9tica Local (IEL), del Programa Comuna Energ\u00e9tica, que permitir\u00e1n la instalaci\u00f3n Paneles Solares en viviendas de Providencia.<\/div>\n<div><\/div>\n<div>Este concurso busca promover la inversi\u00f3n energ\u00e9tica local como una iniciativa de desarrollo estrat\u00e9gico la \u201cEstrategia Energ\u00e9tica Local\u201d de Providencia, siendo cofinanciado por el Fondo de Inversi\u00f3n Estrat\u00e9gica (FIE) del Ministerio de Econom\u00eda y ejecutado por el programa Comuna Energ\u00e9tica del Ministerio de Energ\u00eda y la Agencia Chilena de Eficiencia Energ\u00e9tica.<\/div>\n<div><\/div>\n<div>Los dos proyectos, que tienen por nombre \u201cMicrored Solar Urbana Providencia\u201d y \u201cBarrio Solar\u201d, buscan lograr una red energ\u00e9tica entre vecinos, creando un modelo de generaci\u00f3n de energ\u00eda ciudadana. Para ello se instalar\u00e1n en total 89 paneles solares, distribuidos en distintos barrios de la comuna. Los costos de la iniciativa est\u00e1n fuertemente financiados por los concursos p\u00fablicos obtenidos por el Municipio de Providencia y por las empresas involucradas, Ciudad Luz, ENEL, Tikuna, EBP. El resto del costo se financia por los vecinos, quienes tendr\u00e1n importantes ahorros energ\u00e9ticos en sus domicilios y adem\u00e1s, con esta iniciativa, aportar\u00e1n en el cuidado del medio ambiente.<\/div>\n<div><\/div>\n<div>M\u00e1s informaci\u00f3n en:\u00a0<strong><a href=\"http:\/\/www.providencia.cl\/postulaciones\">http:\/\/www.providencia.cl\/postulaciones<\/a><\/strong><\/div>\n","protected":false},"excerpt":{"rendered":"<p>Ya est\u00e1n disponibles los formularios de inscripci\u00f3n a dos Proyectos de Inversi\u00f3n Energ\u00e9tica Local (IEL), del Programa Comuna Energ\u00e9tica, que permitir\u00e1n la instalaci\u00f3n Paneles Solares en viviendas de Providencia. Este concurso busca promover la inversi\u00f3n energ\u00e9tica local como una iniciativa de desarrollo estrat\u00e9gico la \u201cEstrategia Energ\u00e9tica Local\u201d de Providencia, siendo cofinanciado por el Fondo de [&hellip;]<\/p>\n","protected":false},"author":3,"featured_media":1929,"comment_status":"open","ping_status":"open","sticky":false,"template":"","format":"standard","meta":{"footnotes":""},"categories":[3],"tags":[],"class_list":["post-1928","post","type-post","status-publish","format-standard","has-post-thumbnail","hentry","category-noticias"],"_links":{"self":[{"href":"https:\/\/autoconsumo.minenergia.cl\/index.php?rest_route=\/wp\/v2\/posts\/1928","targetHints":{"allow":["GET"]}}],"collection":[{"href":"https:\/\/autoconsumo.minenergia.cl\/index.php?rest_route=\/wp\/v2\/posts"}],"about":[{"href":"https:\/\/autoconsumo.minenergia.cl\/index.php?rest_route=\/wp\/v2\/types\/post"}],"author":[{"embeddable":true,"href":"https:\/\/autoconsumo.minenergia.cl\/index.php?rest_route=\/wp\/v2\/users\/3"}],"replies":[{"embeddable":true,"href":"https:\/\/autoconsumo.minenergia.cl\/index.php?rest_route=%2Fwp%2Fv2%2Fcomments&post=1928"}],"version-history":[{"count":1,"href":"https:\/\/autoconsumo.minenergia.cl\/index.php?rest_route=\/wp\/v2\/posts\/1928\/revisions"}],"predecessor-version":[{"id":1930,"href":"https:\/\/autoconsumo.minenergia.cl\/index.php?rest_route=\/wp\/v2\/posts\/1928\/revisions\/1930"}],"wp:featuredmedia":[{"embeddable":true,"href":"https:\/\/autoconsumo.minenergia.cl\/index.php?rest_route=\/wp\/v2\/media\/1929"}],"wp:attachment":[{"href":"https:\/\/autoconsumo.minenergia.cl\/index.php?rest_route=%2Fwp%2Fv2%2Fmedia&parent=1928"}],"wp:term":[{"taxonomy":"category","embeddable":true,"href":"https:\/\/autoconsumo.minenergia.cl\/index.php?rest_route=%2Fwp%2Fv2%2Fcategories&post=1928"},{"taxonomy":"post_tag","embeddable":true,"href":"https:\/\/autoconsumo.minenergia.cl\/index.php?rest_route=%2Fwp%2Fv2%2Ftags&post=1928"}],"curies":[{"name":"wp","href":"https:\/\/api.w.org\/{rel}","templated":true}]}}