{"id":2047,"date":"2018-05-09T13:06:03","date_gmt":"2018-05-09T13:06:03","guid":{"rendered":"http:\/\/www.minenergia.cl\/autoconsumo\/?p=2047"},"modified":"2018-05-09T13:06:03","modified_gmt":"2018-05-09T13:06:03","slug":"liceo-altos-del-mackay-de-coyhaique-contara-con-sistema-de-calefaccion-geotermico","status":"publish","type":"post","link":"https:\/\/autoconsumo.minenergia.cl\/?p=2047","title":{"rendered":"Liceo Altos del Mackay de Coyhaique contar\u00e1 con sistema de calefacci\u00f3n geot\u00e9rmico"},"content":{"rendered":"<p><img loading=\"lazy\" decoding=\"async\" class=\"alignnone  wp-image-2048\" src=\"https:\/\/autoconsumo.minenergia.cl\/wp-content\/uploads\/2018\/05\/liceo-Coyiaque.jpg\" alt=\"\" width=\"840\" height=\"437\" srcset=\"https:\/\/autoconsumo.minenergia.cl\/wp-content\/uploads\/2018\/05\/liceo-Coyiaque.jpg 1609w, https:\/\/autoconsumo.minenergia.cl\/wp-content\/uploads\/2018\/05\/liceo-Coyiaque-300x156.jpg 300w, https:\/\/autoconsumo.minenergia.cl\/wp-content\/uploads\/2018\/05\/liceo-Coyiaque-768x400.jpg 768w, https:\/\/autoconsumo.minenergia.cl\/wp-content\/uploads\/2018\/05\/liceo-Coyiaque-1024x533.jpg 1024w, https:\/\/autoconsumo.minenergia.cl\/wp-content\/uploads\/2018\/05\/liceo-Coyiaque-660x343.jpg 660w\" sizes=\"auto, (max-width: 840px) 100vw, 840px\" \/><\/p>\n<p>Coyhaique-. El Liceo Altos del Mackay de Coyhaique fue seleccionado para la\u00a0implementaci\u00f3n de un sistema de calefacci\u00f3n mediante bomba de calor geot\u00e9rmica, proyecto que se materializar\u00e1 con el financiamiento del Fondo para la Innovaci\u00f3n y Competitividad (FIC) del Gobierno Regional de Ays\u00e9n.<\/p>\n<p>Los seremis de Educaci\u00f3n Sergio Becerra, de\u00a0<b>Energ\u00eda\u00a0<\/b>Juan Luis Amen\u00e1bar, de Gobierno Tatiana Fontecha, de Justicia Eugenio Canales, la Jefa Provincial de Educaci\u00f3n Laura Ramos, el Alcalde de Coyhaique Alejandro Huala y el Director de Educaci\u00f3n Municipal de Coyhaique H\u00e9ctor Navarrete Rojas visitaron el establecimiento emplazado en el sector de El Claro para compartir la buena noticia con los directivos, docentes y apoderados del plantel.<\/p>\n<p>La iniciativa ser\u00e1 ejecutada por el Centro de Excelencia en Geotermia de Los Andes (CEGA) de la Universidad de Chile. Diego Morata Director de CEGA inform\u00f3 que el proyecto se pondr\u00e1 en marcha en julio o agosto del presente a\u00f1o.<\/p>\n<p>&#8220;Esperamos pronto, a mitad de este a\u00f1o, iniciar la excavaci\u00f3n de un foso para captar el agua subterr\u00e1nea y en marzo esperamos inaugurar la calefacci\u00f3n de los primeros pabellones del recinto mediante geotermia&#8221;.<\/p>\n<p>Morata explic\u00f3 que se eligi\u00f3 este establecimiento porque re\u00fane las mejores condiciones geol\u00f3gicas, sociales y educacionales para los objetivos del proyecto. El Alcalde Alejandro Huala expres\u00f3 su satisfacci\u00f3n por la iniciativa que a su juicio contribuye a la descontaminaci\u00f3n de Coyhaique.<\/p>\n<p>&#8220;Muy agradecidos por este proyecto del Centro de Geotermia de la Universidad de Chile porque mejorar\u00e1 la calidad de vida de los alumnos de nuestro colegio. As\u00ed comenzamos a pensar en que es posible diversificar la matriz de calefacci\u00f3n en nuestra comuna e ir sumando alternativas de calefacci\u00f3n distintas a la le\u00f1a. Hoy, se comienza a materializar la geotermia y pensamos ir abordando otros colegios, o una poblaci\u00f3n, es decir se nos abren oportunidades. Se agradece esta iniciativa que cuenta con financiamiento del Gobierno Regional, y tambi\u00e9n hay recursos municipales involucrados. Este es un esfuerzo multisectorial que permite abrir un espacio y pensar en continuar avanzando en proyectos que ayuden a la descontaminaci\u00f3n de Coyhaique&#8221;, se\u00f1al\u00f3 el jefe comunal.<\/p>\n<p>Por su parte, el Seremi de Educaci\u00f3n Sergio Becerra expres\u00f3 &#8220;estamos muy contentos de entregar esta noticia que va en beneficio de los estudiantes de este plantel que fue inaugurado durante el primer mandato del Presidente Pi\u00f1era. Fue elegido para esta iniciativa piloto por reunir las condiciones de ubicaci\u00f3n y disponibilidad de recursos naturales que har\u00e1n posible su concreci\u00f3n y tambi\u00e9n en reconocimiento a su proyecto de excelencia educativa. Esperamos que esta iniciativa se pueda replicar m\u00e1s adelante en otros colegios; ya que existe la voluntad de todos los sectores para avanzar en esa l\u00ednea de trabajo se\u00f1al\u00f3 la autoridad sectorial.<\/p>\n<p>Mariela Traillanca, presidenta del Centro General de Padres y Apoderados del Liceo Altos del Mackay afirm\u00f3 que &#8220;esta es una noticia muy relevante dado que Coyhaique est\u00e1 catalogada como una de las ciudades m\u00e1s contaminadas. Es un proyecto muy innovador que traer\u00e1 bienestar y salud a nuestros hijos. Adem\u00e1s, ellos est\u00e1n conociendo que hay alternativas de calefacci\u00f3n a la le\u00f1a y el hecho de que podamos sacar recursos de la naturaleza para calefaccionarnos es maravilloso&#8221;.<\/p>\n<p>Fuente:\u00a0<a href=\"http:\/\/www.eldivisadero.cl\/noticia-47807\">www.eldivisadero.cl<\/a><\/p>\n","protected":false},"excerpt":{"rendered":"<p>Coyhaique-. El Liceo Altos del Mackay de Coyhaique fue seleccionado para la\u00a0implementaci\u00f3n de un sistema de calefacci\u00f3n mediante bomba de calor geot\u00e9rmica, proyecto que se materializar\u00e1 con el financiamiento del Fondo para la Innovaci\u00f3n y Competitividad (FIC) del Gobierno Regional de Ays\u00e9n. Los seremis de Educaci\u00f3n Sergio Becerra, de\u00a0Energ\u00eda\u00a0Juan Luis Amen\u00e1bar, de Gobierno Tatiana Fontecha, [&hellip;]<\/p>\n","protected":false},"author":3,"featured_media":2048,"comment_status":"open","ping_status":"open","sticky":false,"template":"","format":"standard","meta":{"footnotes":""},"categories":[3],"tags":[],"class_list":["post-2047","post","type-post","status-publish","format-standard","has-post-thumbnail","hentry","category-noticias"],"_links":{"self":[{"href":"https:\/\/autoconsumo.minenergia.cl\/index.php?rest_route=\/wp\/v2\/posts\/2047","targetHints":{"allow":["GET"]}}],"collection":[{"href":"https:\/\/autoconsumo.minenergia.cl\/index.php?rest_route=\/wp\/v2\/posts"}],"about":[{"href":"https:\/\/autoconsumo.minenergia.cl\/index.php?rest_route=\/wp\/v2\/types\/post"}],"author":[{"embeddable":true,"href":"https:\/\/autoconsumo.minenergia.cl\/index.php?rest_route=\/wp\/v2\/users\/3"}],"replies":[{"embeddable":true,"href":"https:\/\/autoconsumo.minenergia.cl\/index.php?rest_route=%2Fwp%2Fv2%2Fcomments&post=2047"}],"version-history":[{"count":1,"href":"https:\/\/autoconsumo.minenergia.cl\/index.php?rest_route=\/wp\/v2\/posts\/2047\/revisions"}],"predecessor-version":[{"id":2049,"href":"https:\/\/autoconsumo.minenergia.cl\/index.php?rest_route=\/wp\/v2\/posts\/2047\/revisions\/2049"}],"wp:featuredmedia":[{"embeddable":true,"href":"https:\/\/autoconsumo.minenergia.cl\/index.php?rest_route=\/wp\/v2\/media\/2048"}],"wp:attachment":[{"href":"https:\/\/autoconsumo.minenergia.cl\/index.php?rest_route=%2Fwp%2Fv2%2Fmedia&parent=2047"}],"wp:term":[{"taxonomy":"category","embeddable":true,"href":"https:\/\/autoconsumo.minenergia.cl\/index.php?rest_route=%2Fwp%2Fv2%2Fcategories&post=2047"},{"taxonomy":"post_tag","embeddable":true,"href":"https:\/\/autoconsumo.minenergia.cl\/index.php?rest_route=%2Fwp%2Fv2%2Ftags&post=2047"}],"curies":[{"name":"wp","href":"https:\/\/api.w.org\/{rel}","templated":true}]}}