{"id":2050,"date":"2018-05-09T13:11:05","date_gmt":"2018-05-09T13:11:05","guid":{"rendered":"http:\/\/www.minenergia.cl\/autoconsumo\/?p=2050"},"modified":"2018-05-09T13:11:41","modified_gmt":"2018-05-09T13:11:41","slug":"reforma-a-la-distribucion-contemplara-cambio-regulatorio-a-la-generacion-residencial","status":"publish","type":"post","link":"https:\/\/autoconsumo.minenergia.cl\/?p=2050","title":{"rendered":"Reforma a la distribuci\u00f3n contemplar\u00e1 cambio regulatorio a la generaci\u00f3n residencial"},"content":{"rendered":"<p><img loading=\"lazy\" decoding=\"async\" class=\"alignnone size-full wp-image-2051\" src=\"https:\/\/autoconsumo.minenergia.cl\/wp-content\/uploads\/2018\/05\/ministra-8-mayo.jpg\" alt=\"\" width=\"620\" height=\"403\" srcset=\"https:\/\/autoconsumo.minenergia.cl\/wp-content\/uploads\/2018\/05\/ministra-8-mayo.jpg 620w, https:\/\/autoconsumo.minenergia.cl\/wp-content\/uploads\/2018\/05\/ministra-8-mayo-300x195.jpg 300w\" sizes=\"auto, (max-width: 620px) 100vw, 620px\" \/><\/p>\n<p>La\u00a0ministra de Energ\u00eda, Susana Jim\u00e9nez, se\u00f1al\u00f3 que, dentro de la reforma a la distribuci\u00f3n, se est\u00e1n considerando realizar cambios regulatorias en materia de generaci\u00f3n distribuida, debido al potencial que tiene este sector para el aumento del consumo el\u00e9ctrico dentro de la matriz, donde la estimaci\u00f3n de la autoridad es que a 2050 existan cerca de 400 mil viviendas que generen su propia energ\u00eda para inyectarla a la red.<\/p>\n<p>\u201cDebemos actuar no solo desde el lado de la oferta, sino que tambi\u00e9n del lado de la demanda, por lo que queremos por tanto desarrollar una red de distribuci\u00f3n que cree se\u00f1ales de precio adecuadas y eficientes para los usuarios en la adopci\u00f3n de la generaci\u00f3n distribuida, as\u00ed como fomentar la gesti\u00f3n de la demanda e incrementar los est\u00e1ndares de seguridad y calidad del suministro en el sector de distribuci\u00f3n\u201d, afirm\u00f3.<\/p>\n<p>La ministra formul\u00f3 estos dichos en el seminario \u201cUn Chile m\u00e1s el\u00e9ctrico, eficiente y sustentable\u201d, realizado por\u00a0<a href=\"http:\/\/generadoras.cl\/\" target=\"_blank\" rel=\"noopener noreferrer\"><strong>Generadoras de Chile<\/strong><\/a>, donde se analizaron los avances de distintos sectores productivos en la electrificaci\u00f3n de la matriz, a partir de la incorporaci\u00f3n de energ\u00edas renovables, eficiencia energ\u00e9tica y de soluciones de electromovilidad.<\/p>\n<p>Jim\u00e9nez plante\u00f3 que actualmente el consumo el\u00e9ctrico dentro de la matriz es de 23%, se\u00f1alando que, en materia de climatizaci\u00f3n residencial, las estimaciones a futuro apuntan a que la demanda el\u00e9ctrica se incremente \u201ca tasas de 3% y 4% anual, de hoy a 2050\u201d.<\/p>\n<p>Otro potencial mencionado por la autoridad es la generaci\u00f3n distribuida, donde \u201cla generaci\u00f3n el\u00e9ctrica a peque\u00f1a escala es una oportunidad para aprovechar los recursos renovables\u201d, por lo que las proyecciones\u00a0del Ministerio de Energ\u00eda indican que a 2050 existan 400 mil viviendas que est\u00e9n conectadas a la red el\u00e9ctrica.<\/p>\n<p>Respecto a la eficiencia energ\u00e9tica, Jim\u00e9nez plante\u00f3 que el mayor potencial que existe en esta materia est\u00e1 en el sector residencial, industrial y en la miner\u00eda.<\/p>\n<h3>Generadoras<\/h3>\n<p>Al inaugurar el seminario, el presidente ejecutivo de Generadoras de Chile, Claudio Seebach, sostuvo la necesidad de aumentar la demanda el\u00e9ctrica dentro de la matriz, pues \u201cesta sigue siendo un energ\u00e9tico menor dentro del consumo de la energ\u00eda\u201d.<\/p>\n<p>El ejecutivo plante\u00f3 que los dos principales insumos para el uso de la electricidad, mediante el almacenamiento y electromovilidad, son el cobre y el litio, \u201cpor lo que debemos aprovechar nuestras ventajas de la econom\u00eda y de inversi\u00f3n\u201d.<\/p>\n<p><img loading=\"lazy\" decoding=\"async\" class=\"alignnone size-full wp-image-2052\" src=\"https:\/\/autoconsumo.minenergia.cl\/wp-content\/uploads\/2018\/05\/Asociacion-generadoras-8-mayo.jpg\" alt=\"\" width=\"620\" height=\"403\" srcset=\"https:\/\/autoconsumo.minenergia.cl\/wp-content\/uploads\/2018\/05\/Asociacion-generadoras-8-mayo.jpg 620w, https:\/\/autoconsumo.minenergia.cl\/wp-content\/uploads\/2018\/05\/Asociacion-generadoras-8-mayo-300x195.jpg 300w\" sizes=\"auto, (max-width: 620px) 100vw, 620px\" \/><\/p>\n<p>Fuente:\u00a0<a href=\"http:\/\/www.revistaei.cl\/2018\/05\/08\/reforma-a-la-distribucion-contempla-cambio-regulatorio-a-la-generacion-residencial\/#\">http:\/\/www.revistaei.cl<\/a><\/p>\n","protected":false},"excerpt":{"rendered":"<p>La\u00a0ministra de Energ\u00eda, Susana Jim\u00e9nez, se\u00f1al\u00f3 que, dentro de la reforma a la distribuci\u00f3n, se est\u00e1n considerando realizar cambios regulatorias en materia de generaci\u00f3n distribuida, debido al potencial que tiene este sector para el aumento del consumo el\u00e9ctrico dentro de la matriz, donde la estimaci\u00f3n de la autoridad es que a 2050 existan cerca de [&hellip;]<\/p>\n","protected":false},"author":3,"featured_media":2051,"comment_status":"open","ping_status":"open","sticky":false,"template":"","format":"standard","meta":{"footnotes":""},"categories":[3,1],"tags":[],"class_list":["post-2050","post","type-post","status-publish","format-standard","has-post-thumbnail","hentry","category-noticias","category-sin-categoria"],"_links":{"self":[{"href":"https:\/\/autoconsumo.minenergia.cl\/index.php?rest_route=\/wp\/v2\/posts\/2050","targetHints":{"allow":["GET"]}}],"collection":[{"href":"https:\/\/autoconsumo.minenergia.cl\/index.php?rest_route=\/wp\/v2\/posts"}],"about":[{"href":"https:\/\/autoconsumo.minenergia.cl\/index.php?rest_route=\/wp\/v2\/types\/post"}],"author":[{"embeddable":true,"href":"https:\/\/autoconsumo.minenergia.cl\/index.php?rest_route=\/wp\/v2\/users\/3"}],"replies":[{"embeddable":true,"href":"https:\/\/autoconsumo.minenergia.cl\/index.php?rest_route=%2Fwp%2Fv2%2Fcomments&post=2050"}],"version-history":[{"count":1,"href":"https:\/\/autoconsumo.minenergia.cl\/index.php?rest_route=\/wp\/v2\/posts\/2050\/revisions"}],"predecessor-version":[{"id":2053,"href":"https:\/\/autoconsumo.minenergia.cl\/index.php?rest_route=\/wp\/v2\/posts\/2050\/revisions\/2053"}],"wp:featuredmedia":[{"embeddable":true,"href":"https:\/\/autoconsumo.minenergia.cl\/index.php?rest_route=\/wp\/v2\/media\/2051"}],"wp:attachment":[{"href":"https:\/\/autoconsumo.minenergia.cl\/index.php?rest_route=%2Fwp%2Fv2%2Fmedia&parent=2050"}],"wp:term":[{"taxonomy":"category","embeddable":true,"href":"https:\/\/autoconsumo.minenergia.cl\/index.php?rest_route=%2Fwp%2Fv2%2Fcategories&post=2050"},{"taxonomy":"post_tag","embeddable":true,"href":"https:\/\/autoconsumo.minenergia.cl\/index.php?rest_route=%2Fwp%2Fv2%2Ftags&post=2050"}],"curies":[{"name":"wp","href":"https:\/\/api.w.org\/{rel}","templated":true}]}}