{"id":2057,"date":"2018-05-10T19:20:38","date_gmt":"2018-05-10T19:20:38","guid":{"rendered":"http:\/\/www.minenergia.cl\/autoconsumo\/?p=2057"},"modified":"2018-05-10T19:20:38","modified_gmt":"2018-05-10T19:20:38","slug":"california-se-prepara-para-ser-el-primer-estado-en-requerir-paneles-solares-en-casas-nuevas","status":"publish","type":"post","link":"https:\/\/autoconsumo.minenergia.cl\/?p=2057","title":{"rendered":"California se prepara para ser el primer estado en requerir paneles solares en casas nuevas"},"content":{"rendered":"<p>La Comisi\u00f3n Estatal aprueba el plan, diciendo que los ahorros de energ\u00eda del consumidor superar\u00edan los mayores costos de construcci\u00f3n.<\/p>\n<p><img loading=\"lazy\" decoding=\"async\" class=\"alignnone size-full wp-image-2058\" src=\"https:\/\/autoconsumo.minenergia.cl\/wp-content\/uploads\/2018\/05\/california-FV.jpg\" alt=\"\" width=\"1240\" height=\"744\" srcset=\"https:\/\/autoconsumo.minenergia.cl\/wp-content\/uploads\/2018\/05\/california-FV.jpg 1240w, https:\/\/autoconsumo.minenergia.cl\/wp-content\/uploads\/2018\/05\/california-FV-300x180.jpg 300w, https:\/\/autoconsumo.minenergia.cl\/wp-content\/uploads\/2018\/05\/california-FV-768x461.jpg 768w, https:\/\/autoconsumo.minenergia.cl\/wp-content\/uploads\/2018\/05\/california-FV-1024x614.jpg 1024w, https:\/\/autoconsumo.minenergia.cl\/wp-content\/uploads\/2018\/05\/california-FV-660x396.jpg 660w\" sizes=\"auto, (max-width: 1240px) 100vw, 1240px\" \/><\/p>\n<p>A partir del a\u00f1o 2020, California comenzar\u00e1 a requerir paneles solares en nuevas viviendas y edificios de departamentos de poca altura; es el primer mandato de este tipo en el pa\u00eds y el \u00faltimo paso del estado para frenar las emisiones de gases de efecto invernadero.<\/p>\n<p>&#8220;La adopci\u00f3n de estos est\u00e1ndares representa un gran salto en los est\u00e1ndares de construcci\u00f3n a nivel estatal&#8221;, dijo Robert Raymer, director t\u00e9cnico de la Building Industry Association de California. &#8220;Puedes apostar que cada uno de los 49 estados estar\u00e1 observando de cerca para ver qu\u00e9 pasa&#8221;.<\/p>\n<p>&nbsp;<\/p>\n<p>M\u00e1s informaci\u00f3n en:\u00a0<a href=\"https:\/\/www.theguardian.com\/us-news\/2018\/may\/09\/california-solar-panels-power-renewable-energy\">https:\/\/www.theguardian.com<\/a><\/p>\n","protected":false},"excerpt":{"rendered":"<p>La Comisi\u00f3n Estatal aprueba el plan, diciendo que los ahorros de energ\u00eda del consumidor superar\u00edan los mayores costos de construcci\u00f3n. A partir del a\u00f1o 2020, California comenzar\u00e1 a requerir paneles solares en nuevas viviendas y edificios de departamentos de poca altura; es el primer mandato de este tipo en el pa\u00eds y el \u00faltimo paso [&hellip;]<\/p>\n","protected":false},"author":3,"featured_media":2058,"comment_status":"open","ping_status":"open","sticky":false,"template":"","format":"standard","meta":{"footnotes":""},"categories":[3],"tags":[],"class_list":["post-2057","post","type-post","status-publish","format-standard","has-post-thumbnail","hentry","category-noticias"],"_links":{"self":[{"href":"https:\/\/autoconsumo.minenergia.cl\/index.php?rest_route=\/wp\/v2\/posts\/2057","targetHints":{"allow":["GET"]}}],"collection":[{"href":"https:\/\/autoconsumo.minenergia.cl\/index.php?rest_route=\/wp\/v2\/posts"}],"about":[{"href":"https:\/\/autoconsumo.minenergia.cl\/index.php?rest_route=\/wp\/v2\/types\/post"}],"author":[{"embeddable":true,"href":"https:\/\/autoconsumo.minenergia.cl\/index.php?rest_route=\/wp\/v2\/users\/3"}],"replies":[{"embeddable":true,"href":"https:\/\/autoconsumo.minenergia.cl\/index.php?rest_route=%2Fwp%2Fv2%2Fcomments&post=2057"}],"version-history":[{"count":1,"href":"https:\/\/autoconsumo.minenergia.cl\/index.php?rest_route=\/wp\/v2\/posts\/2057\/revisions"}],"predecessor-version":[{"id":2059,"href":"https:\/\/autoconsumo.minenergia.cl\/index.php?rest_route=\/wp\/v2\/posts\/2057\/revisions\/2059"}],"wp:featuredmedia":[{"embeddable":true,"href":"https:\/\/autoconsumo.minenergia.cl\/index.php?rest_route=\/wp\/v2\/media\/2058"}],"wp:attachment":[{"href":"https:\/\/autoconsumo.minenergia.cl\/index.php?rest_route=%2Fwp%2Fv2%2Fmedia&parent=2057"}],"wp:term":[{"taxonomy":"category","embeddable":true,"href":"https:\/\/autoconsumo.minenergia.cl\/index.php?rest_route=%2Fwp%2Fv2%2Fcategories&post=2057"},{"taxonomy":"post_tag","embeddable":true,"href":"https:\/\/autoconsumo.minenergia.cl\/index.php?rest_route=%2Fwp%2Fv2%2Ftags&post=2057"}],"curies":[{"name":"wp","href":"https:\/\/api.w.org\/{rel}","templated":true}]}}