{"id":2083,"date":"2018-05-25T16:05:01","date_gmt":"2018-05-25T16:05:01","guid":{"rendered":"http:\/\/www.minenergia.cl\/autoconsumo\/?p=2083"},"modified":"2018-05-25T16:05:01","modified_gmt":"2018-05-25T16:05:01","slug":"liceo-de-coquimbo-implementa-sistema-de-abastecimiento-de-energia-solar","status":"publish","type":"post","link":"https:\/\/autoconsumo.minenergia.cl\/?p=2083","title":{"rendered":"Liceo de Coquimbo implementa sistema de abastecimiento de energ\u00eda solar"},"content":{"rendered":"<p>En la Regi\u00f3n de Coquimbo existen 10 recintos p\u00fablicos donde se han instalado estos sistemas.<\/p>\n<p><img loading=\"lazy\" decoding=\"async\" class=\"alignnone  wp-image-2084\" src=\"https:\/\/autoconsumo.minenergia.cl\/wp-content\/uploads\/2018\/05\/liceo-coquimbo.jpg\" alt=\"\" width=\"663\" height=\"472\" srcset=\"https:\/\/autoconsumo.minenergia.cl\/wp-content\/uploads\/2018\/05\/liceo-coquimbo.jpg 400w, https:\/\/autoconsumo.minenergia.cl\/wp-content\/uploads\/2018\/05\/liceo-coquimbo-300x214.jpg 300w\" sizes=\"auto, (max-width: 663px) 100vw, 663px\" \/><\/p>\n<p>Generar una mayor conciencia energ\u00e9tica en las futuras generaciones y lograr un ahorro econ\u00f3mico es lo que busca el Gobierno, a trav\u00e9s del Ministerio de Energ\u00eda, con la ejecuci\u00f3n del programa Techos Solares P\u00fablicos en el Liceo Industrial Jos\u00e9 Tom\u00e1s de Urmeneta en Coquimbo.<\/p>\n<p>Se trata de un proyecto que permite la instalaci\u00f3n de paneles solares de 20 kW de capacidad total, cuya inversi\u00f3n supera los $16 millones y se espera que anualmente genere cerca de 26.940 kWh\/a\u00f1o, lo que equivale al consumo promedio de 15 hogares.<\/p>\n<p>El Subsecretario de Energ\u00eda, Ricardo Irarr\u00e1zabal, afirm\u00f3 que realizar este tipo de iniciativas es de vital importancia, ya que\u00a0\u201cpermite a la comunidad educativa darse cuenta y entender mucho mejor la l\u00f3gica de las energ\u00edas renovables y aquellas energ\u00edas que no producen gases de efecto invernadero. No solo tiene un efecto econ\u00f3mico, sino que tambi\u00e9n un tremendo efecto educativo en el establecimiento\u201d.<\/p>\n<p>Por su parte, la Intendenta Luc\u00eda Pinto, acot\u00f3 que\u00a0\u201ca trav\u00e9s de proyectos como este, en donde se utilizan los paneles solares para la generaci\u00f3n de energ\u00eda, los ni\u00f1os de este colegio van a salir con una cultura y una mentalidad distinta, que va a ir en el cuidado del medio ambiente y en torno a las energ\u00edas sustentables y renovables\u201d.<\/p>\n<p>El Liceo Jos\u00e9 Tom\u00e1s Urmeneta de Coquimbo cuenta con especialidades en el \u00e1rea el\u00e9ctrica y metal mec\u00e1nica, donde los estudiantes podr\u00e1n aprender de cerca los beneficios de los paneles fotovoltaicos, adem\u00e1s de sus efectos en el consumo y en el planeta.<\/p>\n<p>Al respecto, el director del establecimiento, Osvaldo Gonz\u00e1lez, afirm\u00f3 que\u00a0\u201ces de vital importancia que se haya instalado en un colegio t\u00e9cnico profesional que est\u00e1 vinculado al trabajo en terreno, ya que esto es el futuro\u201d, afirm\u00f3.<\/p>\n<p>En la Regi\u00f3n de Coquimbo existen 10 recintos p\u00fablicos donde se han instalado estos sistemas, en Vicu\u00f1a, Ovalle, Illapel y Salamanca, con una inversi\u00f3n total del Ministerio de Energ\u00eda que asciende a los $351 millones, produciendo una capacidad instalada de 305 kW.<\/p>\n<p>Fuente:\u00a0<a href=\"http:\/\/www.elobservatodo.cl\/noticia\/gobierno-regional\/liceo-de-coquimbo-implementa-sistema-de-abastecimiento-de-energia-solar\">http:\/\/www.elobservatodo.cl<\/a><\/p>\n","protected":false},"excerpt":{"rendered":"<p>En la Regi\u00f3n de Coquimbo existen 10 recintos p\u00fablicos donde se han instalado estos sistemas. Generar una mayor conciencia energ\u00e9tica en las futuras generaciones y lograr un ahorro econ\u00f3mico es lo que busca el Gobierno, a trav\u00e9s del Ministerio de Energ\u00eda, con la ejecuci\u00f3n del programa Techos Solares P\u00fablicos en el Liceo Industrial Jos\u00e9 Tom\u00e1s [&hellip;]<\/p>\n","protected":false},"author":3,"featured_media":2084,"comment_status":"open","ping_status":"open","sticky":false,"template":"","format":"standard","meta":{"footnotes":""},"categories":[3],"tags":[],"class_list":["post-2083","post","type-post","status-publish","format-standard","has-post-thumbnail","hentry","category-noticias"],"_links":{"self":[{"href":"https:\/\/autoconsumo.minenergia.cl\/index.php?rest_route=\/wp\/v2\/posts\/2083","targetHints":{"allow":["GET"]}}],"collection":[{"href":"https:\/\/autoconsumo.minenergia.cl\/index.php?rest_route=\/wp\/v2\/posts"}],"about":[{"href":"https:\/\/autoconsumo.minenergia.cl\/index.php?rest_route=\/wp\/v2\/types\/post"}],"author":[{"embeddable":true,"href":"https:\/\/autoconsumo.minenergia.cl\/index.php?rest_route=\/wp\/v2\/users\/3"}],"replies":[{"embeddable":true,"href":"https:\/\/autoconsumo.minenergia.cl\/index.php?rest_route=%2Fwp%2Fv2%2Fcomments&post=2083"}],"version-history":[{"count":1,"href":"https:\/\/autoconsumo.minenergia.cl\/index.php?rest_route=\/wp\/v2\/posts\/2083\/revisions"}],"predecessor-version":[{"id":2085,"href":"https:\/\/autoconsumo.minenergia.cl\/index.php?rest_route=\/wp\/v2\/posts\/2083\/revisions\/2085"}],"wp:featuredmedia":[{"embeddable":true,"href":"https:\/\/autoconsumo.minenergia.cl\/index.php?rest_route=\/wp\/v2\/media\/2084"}],"wp:attachment":[{"href":"https:\/\/autoconsumo.minenergia.cl\/index.php?rest_route=%2Fwp%2Fv2%2Fmedia&parent=2083"}],"wp:term":[{"taxonomy":"category","embeddable":true,"href":"https:\/\/autoconsumo.minenergia.cl\/index.php?rest_route=%2Fwp%2Fv2%2Fcategories&post=2083"},{"taxonomy":"post_tag","embeddable":true,"href":"https:\/\/autoconsumo.minenergia.cl\/index.php?rest_route=%2Fwp%2Fv2%2Ftags&post=2083"}],"curies":[{"name":"wp","href":"https:\/\/api.w.org\/{rel}","templated":true}]}}