{"id":2086,"date":"2018-05-19T16:06:36","date_gmt":"2018-05-19T16:06:36","guid":{"rendered":"http:\/\/www.minenergia.cl\/autoconsumo\/?p=2086"},"modified":"2018-05-25T16:12:08","modified_gmt":"2018-05-25T16:12:08","slug":"ministerios-de-energia-y-agricultura-inauguran-primeras-obras-de-riego-que-incorporan-microcentrales-hidroelectricas","status":"publish","type":"post","link":"https:\/\/autoconsumo.minenergia.cl\/?p=2086","title":{"rendered":"Ministerios de Energ\u00eda y Agricultura inauguran primeras obras de riego que incorporan microcentrales hidroel\u00e9ctricas"},"content":{"rendered":"<p><img loading=\"lazy\" decoding=\"async\" class=\"alignnone size-full wp-image-2087\" src=\"https:\/\/autoconsumo.minenergia.cl\/wp-content\/uploads\/2018\/05\/minihidro-linares.jpg\" alt=\"\" width=\"960\" height=\"300\" srcset=\"https:\/\/autoconsumo.minenergia.cl\/wp-content\/uploads\/2018\/05\/minihidro-linares.jpg 960w, https:\/\/autoconsumo.minenergia.cl\/wp-content\/uploads\/2018\/05\/minihidro-linares-300x94.jpg 300w, https:\/\/autoconsumo.minenergia.cl\/wp-content\/uploads\/2018\/05\/minihidro-linares-768x240.jpg 768w, https:\/\/autoconsumo.minenergia.cl\/wp-content\/uploads\/2018\/05\/minihidro-linares-660x206.jpg 660w\" sizes=\"auto, (max-width: 960px) 100vw, 960px\" \/><\/p>\n<p>Hasta la comuna de Linares llegaron la Ministra de Energ\u00eda, Susana Jim\u00e9nez, la Gobernadora de la provincia de Linares, Claudia Jorquera, y el coordinador zonal de la Comisi\u00f3n Nacional de Riego (CNR), Javier \u00c1vila y la embajadora de Canad\u00e1, Patricia Pe\u00f1a, para encabezar la ceremonia de inauguraci\u00f3n de las primeras obras de riego ejecutadas a trav\u00e9s del concurso \u201cERNC y Microhidro 2016\u201d de la Ley Fomento al Riego y Drenaje.<\/p>\n<p>Las obras inauguradas consisten en el mejoramiento de una red de canales del canal Monjas, a trav\u00e9s del revestimiento en hormig\u00f3n y consideran una soluci\u00f3n energ\u00e9tica innovadora en base a turbinas hidrocin\u00e9ticas de origen canadiense, que\u00a0<strong>son capaces de generar 1 KW\u00a0<\/strong>para abastecer el autoconsumo en riego de los predios aleda\u00f1os a la instalaci\u00f3n. En tanto, la energ\u00eda que no se utiliza en riego puede inyectarse al sistema debido a que cuentan con conexi\u00f3n a la red, mediante la Ley 20.571 de Generaci\u00f3n Distribuida.<\/p>\n<p>\u201cEl<strong>\u00a0Presidente Sebasti\u00e1n Pi\u00f1era nos ha pedido que sumemos las sinergias de los ministerios en funci\u00f3n de mejorar la calidad de vida de las personas<\/strong>. Cuando trabajamos de manera coordinada como Estado se obtienen mejores proyectos, se aprovechan de buena manera y tienen un mayor impacto social y la obra que inauguramos hoy es precisamente el resultado de un buen trabajo en conjunto entre los ministerios de Energ\u00eda y Agricultura, a trav\u00e9s de la CNR, ya que<strong>\u00a0esta micro central hidroel\u00e9ctrica conectada a la red de distribuci\u00f3n, no solo satisface la demanda de energ\u00eda para regar, sino que, adem\u00e1s, tiene la posibilidad de inyectar los excedentes a la red de distribuci\u00f3n<\/strong>\u201d, se\u00f1al\u00f3 la Ministra de Energ\u00eda Susana Jim\u00e9nez.<\/p>\n<p>Por su parte, la Gobernadora de Linares, Claudia Jorquera, se\u00f1al\u00f3 que \u201cel mensaje del Presidente Sebasti\u00e1n Pi\u00f1era es claro en el sentido de estar con las personas,\u00a0<strong>sabemos que son los agricultores los que necesitan ayuda, porque estamos convencidos que la agricultura es el coraz\u00f3n de Chile<\/strong>\u00a0y la entrega de este proyecto por parte de autoridades nacionales refleja ese deseo de estar presentes\u201d, puntualiz\u00f3.<\/p>\n<p>A su vez, el coordinador zonal de la CNR, Javier \u00c1vila se\u00f1al\u00f3 que \u201cpara nosotros como Comisi\u00f3n Nacional de Riego es significativo contar con la presencia de la Ministra de Energ\u00eda en esta actividad, porque\u00a0<strong>esta gran alianza entre ministerios nos permite sumar tecnolog\u00eda de punta a nuestros tradicionales proyectos de riego y fomentar el uso de energ\u00edas renovables en beneficio de la agricultura de nuestro pa\u00eds<\/strong>\u201d.<\/p>\n<p>El concurso \u201cERNC y Microhidros\u201d se ha desarrollado durante dos a\u00f1os consecutivos,<strong>\u00a0beneficiando a 23 proyectos de riego\u00a0<\/strong>que incorporan energ\u00edas renovables no convencionales.<strong>\u00a0Para el 2018 el concurso 19-2018 considera $1.500 millones a nivel nacional para continuar incentivando el uso de energ\u00edas limpias en los proyectos de riego.<\/strong><\/p>\n<p>Fuente:\u00a0<a href=\"http:\/\/www.energia.gob.cl\/tema-de-interes\/ministerios-de-energia-y\">http:\/\/www.energia.gob.cl\/<\/a><\/p>\n","protected":false},"excerpt":{"rendered":"<p>Hasta la comuna de Linares llegaron la Ministra de Energ\u00eda, Susana Jim\u00e9nez, la Gobernadora de la provincia de Linares, Claudia Jorquera, y el coordinador zonal de la Comisi\u00f3n Nacional de Riego (CNR), Javier \u00c1vila y la embajadora de Canad\u00e1, Patricia Pe\u00f1a, para encabezar la ceremonia de inauguraci\u00f3n de las primeras obras de riego ejecutadas a [&hellip;]<\/p>\n","protected":false},"author":3,"featured_media":2089,"comment_status":"open","ping_status":"open","sticky":false,"template":"","format":"standard","meta":{"footnotes":""},"categories":[3],"tags":[],"class_list":["post-2086","post","type-post","status-publish","format-standard","has-post-thumbnail","hentry","category-noticias"],"_links":{"self":[{"href":"https:\/\/autoconsumo.minenergia.cl\/index.php?rest_route=\/wp\/v2\/posts\/2086","targetHints":{"allow":["GET"]}}],"collection":[{"href":"https:\/\/autoconsumo.minenergia.cl\/index.php?rest_route=\/wp\/v2\/posts"}],"about":[{"href":"https:\/\/autoconsumo.minenergia.cl\/index.php?rest_route=\/wp\/v2\/types\/post"}],"author":[{"embeddable":true,"href":"https:\/\/autoconsumo.minenergia.cl\/index.php?rest_route=\/wp\/v2\/users\/3"}],"replies":[{"embeddable":true,"href":"https:\/\/autoconsumo.minenergia.cl\/index.php?rest_route=%2Fwp%2Fv2%2Fcomments&post=2086"}],"version-history":[{"count":1,"href":"https:\/\/autoconsumo.minenergia.cl\/index.php?rest_route=\/wp\/v2\/posts\/2086\/revisions"}],"predecessor-version":[{"id":2088,"href":"https:\/\/autoconsumo.minenergia.cl\/index.php?rest_route=\/wp\/v2\/posts\/2086\/revisions\/2088"}],"wp:featuredmedia":[{"embeddable":true,"href":"https:\/\/autoconsumo.minenergia.cl\/index.php?rest_route=\/wp\/v2\/media\/2089"}],"wp:attachment":[{"href":"https:\/\/autoconsumo.minenergia.cl\/index.php?rest_route=%2Fwp%2Fv2%2Fmedia&parent=2086"}],"wp:term":[{"taxonomy":"category","embeddable":true,"href":"https:\/\/autoconsumo.minenergia.cl\/index.php?rest_route=%2Fwp%2Fv2%2Fcategories&post=2086"},{"taxonomy":"post_tag","embeddable":true,"href":"https:\/\/autoconsumo.minenergia.cl\/index.php?rest_route=%2Fwp%2Fv2%2Ftags&post=2086"}],"curies":[{"name":"wp","href":"https:\/\/api.w.org\/{rel}","templated":true}]}}