{"id":2090,"date":"2018-05-25T19:24:59","date_gmt":"2018-05-25T19:24:59","guid":{"rendered":"http:\/\/www.minenergia.cl\/autoconsumo\/?p=2090"},"modified":"2018-05-25T19:24:59","modified_gmt":"2018-05-25T19:24:59","slug":"ministra-jimenez-lanza-la-ruta-energetica-con-10-mega-compromisos-para-este-gobierno","status":"publish","type":"post","link":"https:\/\/autoconsumo.minenergia.cl\/?p=2090","title":{"rendered":"Ministra Jim\u00e9nez lanza la \u201cRuta Energ\u00e9tica\u201d con 10 Mega compromisos para este Gobierno"},"content":{"rendered":"<p><img loading=\"lazy\" decoding=\"async\" class=\"alignnone size-full wp-image-2091\" src=\"https:\/\/autoconsumo.minenergia.cl\/wp-content\/uploads\/2018\/05\/ruta-energetica-49_0.jpg\" alt=\"\" width=\"930\" height=\"475\" srcset=\"https:\/\/autoconsumo.minenergia.cl\/wp-content\/uploads\/2018\/05\/ruta-energetica-49_0.jpg 930w, https:\/\/autoconsumo.minenergia.cl\/wp-content\/uploads\/2018\/05\/ruta-energetica-49_0-300x153.jpg 300w, https:\/\/autoconsumo.minenergia.cl\/wp-content\/uploads\/2018\/05\/ruta-energetica-49_0-768x392.jpg 768w, https:\/\/autoconsumo.minenergia.cl\/wp-content\/uploads\/2018\/05\/ruta-energetica-49_0-660x337.jpg 660w\" sizes=\"auto, (max-width: 930px) 100vw, 930px\" \/><\/p>\n<p>Con el anuncio de\u00a0<strong>\u201c10 Mega compromisos\u201d<\/strong>, la ministra de Energ\u00eda,\u00a0<strong>Susana Jim\u00e9nez<\/strong>, lanz\u00f3 hoy en La Moneda junto al Presidente,<strong>\u00a0Sebasti\u00e1n Pi\u00f1era<\/strong>, y el subsecretario\u00a0<strong>Ricardo Irarr\u00e1zabal<\/strong>, la\u00a0<a href=\"http:\/\/www.energia.gob.cl\/rutaenergetica2018-2022.pdf\"><strong>\u201cRuta Energ\u00e9tica, liderando la modernizaci\u00f3n con sello ciudadano\u201d<\/strong><\/a>, que ser\u00e1 la carta de navegaci\u00f3n de la cartera durante los cuatro a\u00f1os de Gobierno.<\/p>\n<div>La Ruta tiene siete ejes:<strong>\u00a0(1) modernizaci\u00f3n energ\u00e9tica, (2) energ\u00eda con sello social, (3) desarrollo energ\u00e9tico, (3) energ\u00eda baja en emisiones, (4) transporte sustentable, (5) eficiencia energ\u00e9tica y (7) educaci\u00f3n y capacitaci\u00f3n energ\u00e9tica.<\/strong><\/div>\n<div><\/div>\n<div>Y esos ejes tienen, a su vez,\u00a0<strong>\u201c10 Mega Compromisos\u201d<\/strong>, entre un centenar de medidas\u00a0 que impulsar\u00e1 este Gobierno, explic\u00f3 Jim\u00e9nez.\u00a0Los \u201c10 Mega compromisos\u201d dicen relaci\u00f3n con aumentar en 10 veces los veh\u00edculos el\u00e9ctricos existentes en el pa\u00eds, cuadruplicar la generaci\u00f3n distribuida renovable de peque\u00f1a escala, levantar el primer mapa de personas sin electricidad, modificar la ley de distribuci\u00f3n, regular la le\u00f1a y sus derivados, reducir en 25% los tiempos de tramitaci\u00f3n ambiental de los proyectos energ\u00e9ticos, iniciar la descarbonizaci\u00f3n de la matriz energ\u00e9tica, modernizar\u00a0 la institucionalidad y capacitar a\u00a0 6 mil operarios t\u00e9cnicos y profesionales en el uso de la energ\u00eda.<\/div>\n<div><\/div>\n<div>\u201cNuestro Gobierno quiere llevar la modernizaci\u00f3n energ\u00e9tica a cada rinc\u00f3n de nuestro pa\u00eds. No es posible pensar en que podamos ser un pa\u00eds desarrollado si no nos hacemos cargo de las miles de personas que, por las condiciones de precariedad en las que viven, parecen haberse quedado en el pasado\u201d, asegur\u00f3 la ministra Susana Jim\u00e9nez.<\/div>\n<div><\/div>\n<div>Por ello,\u00a0 \u201cqueremos terminar con la vulnerabilidad energ\u00e9tica cerrando las brechas de acceso, y acercar a todos los chilenos a la era de la tecnolog\u00eda, la digitalizaci\u00f3n y la cultura energ\u00e9tica\u201d, agreg\u00f3 la autoridad.<\/div>\n<div><\/div>\n<div><strong>Descarbonizaci\u00f3n de la matriz, un eje clave<\/strong><\/div>\n<div><\/div>\n<div>La descarbonizaci\u00f3n de la matriz ser\u00e1 un eje clave bajo la Administraci\u00f3n de Sebasti\u00e1n Pi\u00f1era, ya que \u201cno solo beneficiar\u00e1 a las futuras generaciones sino que tambi\u00e9n a las actuales, en t\u00e9rminos de contaminantes locales y que permita un crecimiento verde y bajo en carbono para nuestra econom\u00eda. En definitiva: un desarrollo sostenible y con rostro humano para nuestro pa\u00eds\u201d, enfatiz\u00f3 la Titular de Energ\u00eda.<\/div>\n<div><\/div>\n<div>Para ello se implementar\u00e1 un plan de mitigaci\u00f3n de energ\u00eda, se realizar\u00e1n estudios para aplicar instrumentos de precio de carbono, y se coordinar\u00e1 con Medio Ambiente un proyecto de ley de cambio clim\u00e1tico.<\/div>\n<div><\/div>\n<div>En electromovilidad se generar\u00e1n est\u00e1ndares y normativas para su masificaci\u00f3n, se fomentar\u00e1 la infraestructura,\u00a0 y se crear\u00e1 una plataforma web informativa.<\/div>\n<div><\/div>\n<div>Adem\u00e1s, se crear\u00e1 una medici\u00f3n y etiquetado de eficiencia energ\u00e9tica para todos los veh\u00edculos y, junto al Ministerio de Transportes y Telecomunicaciones, se eliminar\u00e1n restricciones normativas para los veh\u00edculos de gas.<\/div>\n<div><\/div>\n<div>La \u201cRuta energ\u00e9tica\u201d tambi\u00e9n contempla medidas para facilitar la penetraci\u00f3n de nuevas energ\u00edas renovables como mejoras en la informaci\u00f3n, identificaci\u00f3n de barreras de entrada, gesti\u00f3n del territorio fiscal, y creaci\u00f3n de capacidades y coordinaci\u00f3n a nivel regional.<\/div>\n<div><\/div>\n<div>La secretaria de Estado explic\u00f3 que para lograr los objetivos de modernizaci\u00f3n hay que implementar una serie de medidas y cambios legislativos y regulatorios muy relevantes.<\/div>\n<div><\/div>\n<div>Por ejemplo, el ministerio modificar\u00e1 la ley de generaci\u00f3n distribuida,\u00a0 \u00a0y enviar\u00e1 al Congreso proyectos de ley sobre eficiencia energ\u00e9tica y de sistemas medianos y aislados, de distribuci\u00f3n el\u00e9ctrica, de regulaci\u00f3n de biocombustibles s\u00f3lidos (como la le\u00f1a) y sobre hidrocarburos.<\/div>\n<div><\/div>\n<div>La ministra Jim\u00e9nez fue enf\u00e1tica en se\u00f1alar que los proyectos energ\u00e9ticos que se desarrollen en el pa\u00eds deben considerar \u201cprocesos de di\u00e1logo y participaci\u00f3n temprana de las comunidades cercanas, y contribuir al desarrollo local, de manera que puedan insertarse armoniosamente en las localidades donde se instalan\u201d.<\/div>\n<div><\/div>\n<div>La interconexi\u00f3n energ\u00e9tica con Argentina y Per\u00fa ser\u00e1 otra de las pol\u00edticas que se impulsar\u00e1n, para lo cual se realizar\u00e1n estudios de factibilidad t\u00e9cnica y econ\u00f3mica.<\/div>\n<div><\/div>\n<div>\n<p><img loading=\"lazy\" decoding=\"async\" src=\"http:\/\/www.energia.gob.cl\/sites\/default\/files\/banner-10mega.png\" alt=\"\" width=\"960\" height=\"200\" \/><\/p>\n<p>1. Levantar un mapa de vulnerabilidad energ\u00e9tica del pa\u00eds, identificando a las familias que no cuentan con electricidad y otros servicios energ\u00e9ticos, con miras a acortar las brechas existentes.<\/p>\n<\/div>\n<p>2. Modernizar la institucionalidad energ\u00e9tica para aumentar la eficacia gubernamental y prestar un mejor servicio a la ciudadan\u00eda, en particular de la Superintendencia de Electricidad y Combustibles y de la Comisi\u00f3n Chilena de Energ\u00eda Nuclear.<\/p>\n<p>3. Reducir en un 25% el tiempo de tramitaci\u00f3n ambiental de los proyectos que se acojan al Plan +Energ\u00eda, respecto a los plazos registrados en los \u00faltimos cuatro a\u00f1os.<\/p>\n<p>4. Alcanzar cuatro veces la capacidad actual de generaci\u00f3n distribuida renovable de peque\u00f1a escala (menor a 300 KW) al 2022.<\/p>\n<p>5. Aumentar en al menos 10 veces el n\u00famero de veh\u00edculos el\u00e9ctricos que circulan en nuestro pa\u00eds.<\/p>\n<p>6. Modernizar la regulaci\u00f3n de la distribuci\u00f3n el\u00e9ctrica mediante un proceso participativo, de manera que se permita recoger las nuevas realidades del sector energ\u00e9tico y faciliten su implementaci\u00f3n, en forma eficiente y competitiva.<\/p>\n<p>7. Regular los biocombustibles s\u00f3lidos como la le\u00f1a y sus derivados, otorgando al Ministerio de Energ\u00eda las atribuciones necesarias para establecer especificaciones t\u00e9cnicas y el reglamento de aplicaci\u00f3n para la comercializaci\u00f3n de la le\u00f1a en zonas urbanas.<\/p>\n<p>8. Establecer un marco regulatorio para la eficiencia energ\u00e9tica que genere los incentivos necesarios para promover el uso eficiente de la energ\u00eda en los sectores de mayor consumo (industria y miner\u00eda, transporte y edificaciones), y crear una verdadera cultura energ\u00e9tica en el pa\u00eds.<\/p>\n<h2 class=\"rtecenter\"><strong><a href=\"http:\/\/www.energia.gob.cl\/rutaenergetica2018-2022.pdf\">Descarga la nueva &#8220;Ruta Energ\u00e9tica 2018 &#8211; 2022: Liderando la modernizaci\u00f2n con sello ciudadano&#8221;<\/a><\/strong><\/h2>\n<p>Fuente:\u00a0<a href=\"http:\/\/www.energia.gob.cl\/tema-de-interes\/ministra-jimenez-lanza-la-ruta-0\">http:\/\/www.energia.gob.cl\/<\/a><\/p>\n","protected":false},"excerpt":{"rendered":"<p>Con el anuncio de\u00a0\u201c10 Mega compromisos\u201d, la ministra de Energ\u00eda,\u00a0Susana Jim\u00e9nez, lanz\u00f3 hoy en La Moneda junto al Presidente,\u00a0Sebasti\u00e1n Pi\u00f1era, y el subsecretario\u00a0Ricardo Irarr\u00e1zabal, la\u00a0\u201cRuta Energ\u00e9tica, liderando la modernizaci\u00f3n con sello ciudadano\u201d, que ser\u00e1 la carta de navegaci\u00f3n de la cartera durante los cuatro a\u00f1os de Gobierno. La Ruta tiene siete ejes:\u00a0(1) modernizaci\u00f3n energ\u00e9tica, (2) [&hellip;]<\/p>\n","protected":false},"author":3,"featured_media":2091,"comment_status":"open","ping_status":"open","sticky":false,"template":"","format":"standard","meta":{"footnotes":""},"categories":[3],"tags":[],"class_list":["post-2090","post","type-post","status-publish","format-standard","has-post-thumbnail","hentry","category-noticias"],"_links":{"self":[{"href":"https:\/\/autoconsumo.minenergia.cl\/index.php?rest_route=\/wp\/v2\/posts\/2090","targetHints":{"allow":["GET"]}}],"collection":[{"href":"https:\/\/autoconsumo.minenergia.cl\/index.php?rest_route=\/wp\/v2\/posts"}],"about":[{"href":"https:\/\/autoconsumo.minenergia.cl\/index.php?rest_route=\/wp\/v2\/types\/post"}],"author":[{"embeddable":true,"href":"https:\/\/autoconsumo.minenergia.cl\/index.php?rest_route=\/wp\/v2\/users\/3"}],"replies":[{"embeddable":true,"href":"https:\/\/autoconsumo.minenergia.cl\/index.php?rest_route=%2Fwp%2Fv2%2Fcomments&post=2090"}],"version-history":[{"count":1,"href":"https:\/\/autoconsumo.minenergia.cl\/index.php?rest_route=\/wp\/v2\/posts\/2090\/revisions"}],"predecessor-version":[{"id":2092,"href":"https:\/\/autoconsumo.minenergia.cl\/index.php?rest_route=\/wp\/v2\/posts\/2090\/revisions\/2092"}],"wp:featuredmedia":[{"embeddable":true,"href":"https:\/\/autoconsumo.minenergia.cl\/index.php?rest_route=\/wp\/v2\/media\/2091"}],"wp:attachment":[{"href":"https:\/\/autoconsumo.minenergia.cl\/index.php?rest_route=%2Fwp%2Fv2%2Fmedia&parent=2090"}],"wp:term":[{"taxonomy":"category","embeddable":true,"href":"https:\/\/autoconsumo.minenergia.cl\/index.php?rest_route=%2Fwp%2Fv2%2Fcategories&post=2090"},{"taxonomy":"post_tag","embeddable":true,"href":"https:\/\/autoconsumo.minenergia.cl\/index.php?rest_route=%2Fwp%2Fv2%2Ftags&post=2090"}],"curies":[{"name":"wp","href":"https:\/\/api.w.org\/{rel}","templated":true}]}}