{"id":2094,"date":"2018-05-30T18:47:49","date_gmt":"2018-05-30T18:47:49","guid":{"rendered":"http:\/\/www.minenergia.cl\/autoconsumo\/?p=2094"},"modified":"2018-05-30T18:48:10","modified_gmt":"2018-05-30T18:48:10","slug":"generacion-distribuida-un-cambio-de-paradigma-en-la-industria","status":"publish","type":"post","link":"https:\/\/autoconsumo.minenergia.cl\/?p=2094","title":{"rendered":"Generaci\u00f3n distribuida: un cambio de paradigma en la industria"},"content":{"rendered":"<p><img loading=\"lazy\" decoding=\"async\" class=\"alignnone size-full wp-image-2096\" src=\"https:\/\/autoconsumo.minenergia.cl\/wp-content\/uploads\/2018\/05\/columna-subsecretario-paneles-solares-1.jpg\" alt=\"\" width=\"900\" height=\"600\" srcset=\"https:\/\/autoconsumo.minenergia.cl\/wp-content\/uploads\/2018\/05\/columna-subsecretario-paneles-solares-1.jpg 900w, https:\/\/autoconsumo.minenergia.cl\/wp-content\/uploads\/2018\/05\/columna-subsecretario-paneles-solares-1-300x200.jpg 300w, https:\/\/autoconsumo.minenergia.cl\/wp-content\/uploads\/2018\/05\/columna-subsecretario-paneles-solares-1-768x512.jpg 768w, https:\/\/autoconsumo.minenergia.cl\/wp-content\/uploads\/2018\/05\/columna-subsecretario-paneles-solares-1-660x440.jpg 660w\" sizes=\"auto, (max-width: 900px) 100vw, 900px\" \/><\/p>\n<p>El viernes pasado el Presidente Sebasti\u00e1n Pi\u00f1era junto a la Ministra Susana Jim\u00e9nez, presentaron la Ruta Energ\u00e9tica 2018-2022, documento que refleja un proceso participativo y descentralizado que cont\u00f3 con la participaci\u00f3n de m\u00e1s de 2.200 personas a lo largo de todo Chile y que tuvo como una de sus principales caracter\u00edsticas una fuerte impronta ciudadana, ya que fueron las inquietudes de cada una de las personas que participaron en este proceso las que se vieron plasmadas en este trabajo que permitir\u00e1 complementar el programa de Gobierno del Presidente en materia de energ\u00eda para los pr\u00f3ximos 4 a\u00f1os.<\/p>\n<p>Uno de los 10 compromisos contenidos en la Ruta se refiere a la generaci\u00f3n distribuida o Net- billing, esto es, la posibilidad de que los clientes regulados generen su propia energ\u00eda, estableciendo como desaf\u00edo \u201calcanzar cuatro veces la capacidad actual de generaci\u00f3n distribuida renovable de peque\u00f1a escala (menor a 300 KW) al 2022\u201d.<\/p>\n<p>A fines de abril de 2018, bajo el esquema de la Ley de Net-billing, la capacidad instalada alcanz\u00f3 los 15,7 MW, por cuanto la meta impuesta implica llegar a los 63 MW al 2022. Un desaf\u00edo que significa fomentar las bondades y oportunidades que existen en la generaci\u00f3n distribuida con energ\u00edas renovables, tanto en los sectores el residencial, comercial, industrial y p\u00fablico.<\/p>\n<p>Para lograrlo, en primer lugar, mejoraremos el marco normativo asociado a la generaci\u00f3n distribuida a peque\u00f1a escala, empezando por gestionar a la brevedad la tramitaci\u00f3n de la indicaci\u00f3n que est\u00e1 actualmente en el Congreso y cuyo principal eje es el aumento del l\u00edmite de capacidad instalada de los generadores de 100 kW a 300 kW, siempre bajo la l\u00f3gica del autoconsumo, para aprovechar las importantes econom\u00edas de escala de los proyectos fotovoltaicos.<\/p>\n<p>De la misma manera, se analizar\u00e1 las mejoras relacionados a la normativa de los peque\u00f1os medios de generaci\u00f3n distribuida (PMGD), con el objeto de contar con una regulaci\u00f3n \u00e1gil y eficiente, con requerimientos adecuados al tama\u00f1o e impacto de los proyectos.<\/p>\n<p>Se continuar\u00e1 con la divulgaci\u00f3n de los beneficios del autoconsumo en el sector comercial e industrial, esta vez enfocando los esfuerzos en regiones, a trav\u00e9s de talleres dirigidos a las asociaciones gremiales locales, c\u00e1maras de comercio y otros, reforzado con perfiles de proyecto, para facilitar la toma de decisi\u00f3n.<\/p>\n<p>Por otra parte, se fomentar\u00e1 la inserci\u00f3n de los proyectos de autogeneraci\u00f3n en el sector agr\u00edcola, aprovechando la existencia de los instrumentos de cofinanciamiento que existen en este sector como la Ley de Fomento al Riego, su mejoramiento y el fortalecimiento de las capacidades t\u00e9cnicas de sus profesionales y actores relacionados.<\/p>\n<p>A nivel residencial, se difundir\u00e1n las ventajas del autoconsumo y se generar\u00e1 informaci\u00f3n p\u00fablica de los perfiles de consumo de este sector, adem\u00e1s de entregar claridad sobre los proveedores existentes.<\/p>\n<p>En cuanto al sector p\u00fablico, se apoyar\u00e1 fuertemente que los edificios del Estado se sumen a este desaf\u00edo y generen parte de la energ\u00eda que consumen, a trav\u00e9s del conocimiento experto desde la asistencia t\u00e9cnica y el apoyo en los temas administrativos y procedimentales.<\/p>\n<p>Por otra parte, el Ministerio fomentar\u00e1 la disponibilidad de instrumentos financieros especializados para este tipo de proyectos. En este sentido, el Ministerio ya jug\u00f3 un papel relevante en el establecimiento del primer cr\u00e9dito de autoconsumo con ERNC y Eficiencia Energ\u00e9tica para micro y peque\u00f1a empresa durante el 2017 con Banco Estado y ha comenzado a trabajar para que otras instituciones sigan el ejemplo.<\/p>\n<p>Adem\u00e1s, se apoyar\u00e1 la utilizaci\u00f3n del modelo ESCO (Energy Service Company) para financiar proyectos de generaci\u00f3n distribuida, permitiendo que un tercero dise\u00f1e, financie, implemente y opere el proyecto \u00edntegramente sin necesidad de inversi\u00f3n por parte del cliente final, abasteciendo de la energ\u00eda que genera el sistema y cobrando un precio menor por esta.<\/p>\n<p>De esta forma, la generaci\u00f3n distribuida empieza a cambiar progresivamente el paradigma tradicional de la generaci\u00f3n el\u00e9ctrica, haci\u00e9ndose \u00e9sta cada vez m\u00e1s ciudadana y de fuentes renovables.<\/p>\n<p>&nbsp;<\/p>\n","protected":false},"excerpt":{"rendered":"<p>El viernes pasado el Presidente Sebasti\u00e1n Pi\u00f1era junto a la Ministra Susana Jim\u00e9nez, presentaron la Ruta Energ\u00e9tica 2018-2022, documento que refleja un proceso participativo y descentralizado que cont\u00f3 con la participaci\u00f3n de m\u00e1s de 2.200 personas a lo largo de todo Chile y que tuvo como una de sus principales caracter\u00edsticas una fuerte impronta ciudadana, [&hellip;]<\/p>\n","protected":false},"author":3,"featured_media":2096,"comment_status":"open","ping_status":"open","sticky":false,"template":"","format":"standard","meta":{"footnotes":""},"categories":[3],"tags":[],"class_list":["post-2094","post","type-post","status-publish","format-standard","has-post-thumbnail","hentry","category-noticias"],"_links":{"self":[{"href":"https:\/\/autoconsumo.minenergia.cl\/index.php?rest_route=\/wp\/v2\/posts\/2094","targetHints":{"allow":["GET"]}}],"collection":[{"href":"https:\/\/autoconsumo.minenergia.cl\/index.php?rest_route=\/wp\/v2\/posts"}],"about":[{"href":"https:\/\/autoconsumo.minenergia.cl\/index.php?rest_route=\/wp\/v2\/types\/post"}],"author":[{"embeddable":true,"href":"https:\/\/autoconsumo.minenergia.cl\/index.php?rest_route=\/wp\/v2\/users\/3"}],"replies":[{"embeddable":true,"href":"https:\/\/autoconsumo.minenergia.cl\/index.php?rest_route=%2Fwp%2Fv2%2Fcomments&post=2094"}],"version-history":[{"count":1,"href":"https:\/\/autoconsumo.minenergia.cl\/index.php?rest_route=\/wp\/v2\/posts\/2094\/revisions"}],"predecessor-version":[{"id":2097,"href":"https:\/\/autoconsumo.minenergia.cl\/index.php?rest_route=\/wp\/v2\/posts\/2094\/revisions\/2097"}],"wp:featuredmedia":[{"embeddable":true,"href":"https:\/\/autoconsumo.minenergia.cl\/index.php?rest_route=\/wp\/v2\/media\/2096"}],"wp:attachment":[{"href":"https:\/\/autoconsumo.minenergia.cl\/index.php?rest_route=%2Fwp%2Fv2%2Fmedia&parent=2094"}],"wp:term":[{"taxonomy":"category","embeddable":true,"href":"https:\/\/autoconsumo.minenergia.cl\/index.php?rest_route=%2Fwp%2Fv2%2Fcategories&post=2094"},{"taxonomy":"post_tag","embeddable":true,"href":"https:\/\/autoconsumo.minenergia.cl\/index.php?rest_route=%2Fwp%2Fv2%2Ftags&post=2094"}],"curies":[{"name":"wp","href":"https:\/\/api.w.org\/{rel}","templated":true}]}}