{"id":2115,"date":"2018-06-15T12:56:12","date_gmt":"2018-06-15T12:56:12","guid":{"rendered":"http:\/\/www.minenergia.cl\/autoconsumo\/?p=2115"},"modified":"2018-06-15T12:57:26","modified_gmt":"2018-06-15T12:57:26","slug":"caldera-30-extienden-a-140-inmuebles-la-implementacion-de-paneles-fotovoltaicos","status":"publish","type":"post","link":"https:\/\/autoconsumo.minenergia.cl\/?p=2115","title":{"rendered":"Caldera 30+: Extienden a 140 inmuebles la implementaci\u00f3n de paneles fotovoltaicos."},"content":{"rendered":"<p><a href=\"https:\/\/www.litoralpress.cl\/sitio\/msolotextortv.cshtml?id=8006759&amp;carp=ministerioenergiaseguimiento\"><img loading=\"lazy\" decoding=\"async\" class=\"alignnone size-full wp-image-2116\" src=\"https:\/\/autoconsumo.minenergia.cl\/wp-content\/uploads\/2018\/06\/Caldera-30-15jun.jpg\" alt=\"\" width=\"1233\" height=\"735\" srcset=\"https:\/\/autoconsumo.minenergia.cl\/wp-content\/uploads\/2018\/06\/Caldera-30-15jun.jpg 1233w, https:\/\/autoconsumo.minenergia.cl\/wp-content\/uploads\/2018\/06\/Caldera-30-15jun-300x179.jpg 300w, https:\/\/autoconsumo.minenergia.cl\/wp-content\/uploads\/2018\/06\/Caldera-30-15jun-768x458.jpg 768w, https:\/\/autoconsumo.minenergia.cl\/wp-content\/uploads\/2018\/06\/Caldera-30-15jun-1024x610.jpg 1024w, https:\/\/autoconsumo.minenergia.cl\/wp-content\/uploads\/2018\/06\/Caldera-30-15jun-660x393.jpg 660w\" sizes=\"auto, (max-width: 1233px) 100vw, 1233px\" \/><\/a><\/p>\n<p>Extienden a 140 inmuebles la implementaci\u00f3n de paneles fotovoltaicos en Atacama.<\/p>\n<p>Habla:<br \/>\nMarcelo Sep\u00falveda, Seremi de Energ\u00eda de Atacama.<br \/>\nIgnacio D\u00edaz, administrador local comercial beneficiado.<\/p>\n<p>Conduce: Scarleth C\u00e1rdenas.<\/p>\n<p>Ver noticia aqui:\u00a0<a href=\"https:\/\/www.litoralpress.cl\/sitio\/msolotextortv.cshtml?id=8006759&amp;carp=ministerioenergiaseguimiento\">https:\/\/www.litoralpress.cl<\/a><\/p>\n<p>&nbsp;<\/p>\n","protected":false},"excerpt":{"rendered":"<p>Extienden a 140 inmuebles la implementaci\u00f3n de paneles fotovoltaicos en Atacama. Habla: Marcelo Sep\u00falveda, Seremi de Energ\u00eda de Atacama. Ignacio D\u00edaz, administrador local comercial beneficiado. Conduce: Scarleth C\u00e1rdenas. Ver noticia aqui:\u00a0https:\/\/www.litoralpress.cl &nbsp;<\/p>\n","protected":false},"author":3,"featured_media":2116,"comment_status":"open","ping_status":"open","sticky":false,"template":"","format":"standard","meta":{"footnotes":""},"categories":[3],"tags":[],"class_list":["post-2115","post","type-post","status-publish","format-standard","has-post-thumbnail","hentry","category-noticias"],"_links":{"self":[{"href":"https:\/\/autoconsumo.minenergia.cl\/index.php?rest_route=\/wp\/v2\/posts\/2115","targetHints":{"allow":["GET"]}}],"collection":[{"href":"https:\/\/autoconsumo.minenergia.cl\/index.php?rest_route=\/wp\/v2\/posts"}],"about":[{"href":"https:\/\/autoconsumo.minenergia.cl\/index.php?rest_route=\/wp\/v2\/types\/post"}],"author":[{"embeddable":true,"href":"https:\/\/autoconsumo.minenergia.cl\/index.php?rest_route=\/wp\/v2\/users\/3"}],"replies":[{"embeddable":true,"href":"https:\/\/autoconsumo.minenergia.cl\/index.php?rest_route=%2Fwp%2Fv2%2Fcomments&post=2115"}],"version-history":[{"count":2,"href":"https:\/\/autoconsumo.minenergia.cl\/index.php?rest_route=\/wp\/v2\/posts\/2115\/revisions"}],"predecessor-version":[{"id":2118,"href":"https:\/\/autoconsumo.minenergia.cl\/index.php?rest_route=\/wp\/v2\/posts\/2115\/revisions\/2118"}],"wp:featuredmedia":[{"embeddable":true,"href":"https:\/\/autoconsumo.minenergia.cl\/index.php?rest_route=\/wp\/v2\/media\/2116"}],"wp:attachment":[{"href":"https:\/\/autoconsumo.minenergia.cl\/index.php?rest_route=%2Fwp%2Fv2%2Fmedia&parent=2115"}],"wp:term":[{"taxonomy":"category","embeddable":true,"href":"https:\/\/autoconsumo.minenergia.cl\/index.php?rest_route=%2Fwp%2Fv2%2Fcategories&post=2115"},{"taxonomy":"post_tag","embeddable":true,"href":"https:\/\/autoconsumo.minenergia.cl\/index.php?rest_route=%2Fwp%2Fv2%2Ftags&post=2115"}],"curies":[{"name":"wp","href":"https:\/\/api.w.org\/{rel}","templated":true}]}}