{"id":2124,"date":"2018-06-11T13:03:56","date_gmt":"2018-06-11T13:03:56","guid":{"rendered":"http:\/\/www.minenergia.cl\/autoconsumo\/?p=2124"},"modified":"2018-06-15T13:08:59","modified_gmt":"2018-06-15T13:08:59","slug":"embaracion-race-for-water-llega-a-valparaiso","status":"publish","type":"post","link":"https:\/\/autoconsumo.minenergia.cl\/?p=2124","title":{"rendered":"Embaraci\u00f3n Race for Water llega a Valpara\u00edso"},"content":{"rendered":"<p><img loading=\"lazy\" decoding=\"async\" class=\"alignnone size-full wp-image-2125\" src=\"https:\/\/autoconsumo.minenergia.cl\/wp-content\/uploads\/2018\/06\/race-for-water.jpg\" alt=\"\" width=\"1400\" height=\"769\" srcset=\"https:\/\/autoconsumo.minenergia.cl\/wp-content\/uploads\/2018\/06\/race-for-water.jpg 1400w, https:\/\/autoconsumo.minenergia.cl\/wp-content\/uploads\/2018\/06\/race-for-water-300x165.jpg 300w, https:\/\/autoconsumo.minenergia.cl\/wp-content\/uploads\/2018\/06\/race-for-water-768x422.jpg 768w, https:\/\/autoconsumo.minenergia.cl\/wp-content\/uploads\/2018\/06\/race-for-water-1024x562.jpg 1024w, https:\/\/autoconsumo.minenergia.cl\/wp-content\/uploads\/2018\/06\/race-for-water-660x363.jpg 660w\" sizes=\"auto, (max-width: 1400px) 100vw, 1400px\" \/><\/p>\n<p>En la ma\u00f1ana del domingo 10 de junio, la embarcaci\u00f3n Race for Water\u00a0lleg\u00f3 al\u00a0puerto militar de Valpara\u00edso, poniendo fin a la s\u00e9ptima etapa oce\u00e1nica de su circunnavegaci\u00f3n del globo al servicio de los oc\u00e9anos. Utilizando el viento, el sol y el oc\u00e9ano, el catamar\u00e1n de 100 toneladas<strong> propulsado exclusivamente por energ\u00edas renovables<\/strong> tom\u00f3 unos 21 d\u00edas para hacer el viaje de Per\u00fa a Chile.<\/p>\n<p>Reunidos en torno a Marco Simeoni, presidente de la Fundaci\u00f3n Race for Water, todo el equipo, con el apoyo de la Armada de Chile, Agunsa y la Embajada de Suiza, socios de la escala, han comenzado una semana repleta, coloreada por una serie de encuentros y reflejos.<\/p>\n<p>M\u00e1s informaci\u00f3n en:\u00a0<a href=\"http:\/\/odyssey.raceforwater.org\/race-for-water-a-bon-port-a-valparaiso\/?lang=en\">http:\/\/odyssey.raceforwater.org<\/a><\/p>\n","protected":false},"excerpt":{"rendered":"<p>En la ma\u00f1ana del domingo 10 de junio, la embarcaci\u00f3n Race for Water\u00a0lleg\u00f3 al\u00a0puerto militar de Valpara\u00edso, poniendo fin a la s\u00e9ptima etapa oce\u00e1nica de su circunnavegaci\u00f3n del globo al servicio de los oc\u00e9anos. Utilizando el viento, el sol y el oc\u00e9ano, el catamar\u00e1n de 100 toneladas propulsado exclusivamente por energ\u00edas renovables tom\u00f3 unos 21 [&hellip;]<\/p>\n","protected":false},"author":3,"featured_media":2125,"comment_status":"open","ping_status":"open","sticky":false,"template":"","format":"standard","meta":{"footnotes":""},"categories":[3],"tags":[],"class_list":["post-2124","post","type-post","status-publish","format-standard","has-post-thumbnail","hentry","category-noticias"],"_links":{"self":[{"href":"https:\/\/autoconsumo.minenergia.cl\/index.php?rest_route=\/wp\/v2\/posts\/2124","targetHints":{"allow":["GET"]}}],"collection":[{"href":"https:\/\/autoconsumo.minenergia.cl\/index.php?rest_route=\/wp\/v2\/posts"}],"about":[{"href":"https:\/\/autoconsumo.minenergia.cl\/index.php?rest_route=\/wp\/v2\/types\/post"}],"author":[{"embeddable":true,"href":"https:\/\/autoconsumo.minenergia.cl\/index.php?rest_route=\/wp\/v2\/users\/3"}],"replies":[{"embeddable":true,"href":"https:\/\/autoconsumo.minenergia.cl\/index.php?rest_route=%2Fwp%2Fv2%2Fcomments&post=2124"}],"version-history":[{"count":1,"href":"https:\/\/autoconsumo.minenergia.cl\/index.php?rest_route=\/wp\/v2\/posts\/2124\/revisions"}],"predecessor-version":[{"id":2126,"href":"https:\/\/autoconsumo.minenergia.cl\/index.php?rest_route=\/wp\/v2\/posts\/2124\/revisions\/2126"}],"wp:featuredmedia":[{"embeddable":true,"href":"https:\/\/autoconsumo.minenergia.cl\/index.php?rest_route=\/wp\/v2\/media\/2125"}],"wp:attachment":[{"href":"https:\/\/autoconsumo.minenergia.cl\/index.php?rest_route=%2Fwp%2Fv2%2Fmedia&parent=2124"}],"wp:term":[{"taxonomy":"category","embeddable":true,"href":"https:\/\/autoconsumo.minenergia.cl\/index.php?rest_route=%2Fwp%2Fv2%2Fcategories&post=2124"},{"taxonomy":"post_tag","embeddable":true,"href":"https:\/\/autoconsumo.minenergia.cl\/index.php?rest_route=%2Fwp%2Fv2%2Ftags&post=2124"}],"curies":[{"name":"wp","href":"https:\/\/api.w.org\/{rel}","templated":true}]}}