{"id":2267,"date":"2018-06-22T12:55:33","date_gmt":"2018-06-22T12:55:33","guid":{"rendered":"http:\/\/www.minenergia.cl\/autoconsumo\/?p=2267"},"modified":"2018-06-22T12:55:33","modified_gmt":"2018-06-22T12:55:33","slug":"aclaran-que-en-la-rm-se-podria-prohibir-la-lena-pero-no-los-pellets","status":"publish","type":"post","link":"https:\/\/autoconsumo.minenergia.cl\/?p=2267","title":{"rendered":"Aclaran que en la RM se podr\u00eda prohibir la le\u00f1a, pero no los pellets"},"content":{"rendered":"<h2 class=\"excerpt\"><img loading=\"lazy\" decoding=\"async\" class=\"alignnone size-full wp-image-2268\" src=\"https:\/\/autoconsumo.minenergia.cl\/wp-content\/uploads\/2018\/06\/le\u00f1a-publimetro.jpg\" alt=\"\" width=\"1200\" height=\"600\" srcset=\"https:\/\/autoconsumo.minenergia.cl\/wp-content\/uploads\/2018\/06\/le\u00f1a-publimetro.jpg 1200w, https:\/\/autoconsumo.minenergia.cl\/wp-content\/uploads\/2018\/06\/le\u00f1a-publimetro-300x150.jpg 300w, https:\/\/autoconsumo.minenergia.cl\/wp-content\/uploads\/2018\/06\/le\u00f1a-publimetro-768x384.jpg 768w, https:\/\/autoconsumo.minenergia.cl\/wp-content\/uploads\/2018\/06\/le\u00f1a-publimetro-1024x512.jpg 1024w, https:\/\/autoconsumo.minenergia.cl\/wp-content\/uploads\/2018\/06\/le\u00f1a-publimetro-660x330.jpg 660w\" sizes=\"auto, (max-width: 1200px) 100vw, 1200px\" \/><\/h2>\n<h4 class=\"excerpt\">La aclaraci\u00f3n hecha por la Asociaci\u00f3n Chilena de Biomasa AG (Achbiom), se debe a la aparici\u00f3n de una serie de publicaciones en la prensa que se\u00f1alaban err\u00f3neamente que se prohibir\u00eda no s\u00f3lo la le\u00f1a, sino que tambi\u00e9n la combusti\u00f3n de otros elementos como los pellets. Adem\u00e1s la prohibici\u00f3n de la le\u00f1a es un proyecto que no ha sido aprobado totalmente, ya que a\u00fan falta su discusi\u00f3n en la C\u00e1mara de Diputados.<\/h4>\n<p>Desde la Asociaci\u00f3n Chilena de Biomasa AG (Achbiom), aclar\u00f3 que\u00a0<strong>el \u00fanico elemento de combusti\u00f3n para efectos de calefacci\u00f3n que se prohibir\u00e1 en la Regi\u00f3n Metropolitana ser\u00e1 la le\u00f1a.<\/strong><\/p>\n<p class=\"layoutArea selectionShareable\">La aclaraci\u00f3n se hizo necesaria tras una serie de publicaciones en medios, referentes a la resoluci\u00f3n de la sesi\u00f3n de la c\u00e1mara del Senado, que evaluaba la prohibici\u00f3n del uso de la le\u00f1a y sus derivados en la Regi\u00f3n Metropolitana.<\/p>\n<p class=\"layoutArea selectionShareable\">Las publicaciones se\u00f1alaban err\u00f3neamente que se prohibir\u00edan varios tipos de elementos de combusti\u00f3n para la calefacci\u00f3n. Ante esto, desde la Achbiom, recordaron a la prensa que el documento oficial de la resoluci\u00f3n se\u00f1ala lo siguiente:<\/p>\n<ul>\n<li>\u201c<strong>Se proh\u00edbe la utilizaci\u00f3n de la le\u00f1a<\/strong>\u00a0para efectos de calefacci\u00f3n de viviendas, as\u00ed como el funcionamiento de todo tipo de calefactores que utilicen le\u00f1a, est\u00e9n o no provistos de sistemas de doble c\u00e1mara de combusti\u00f3n, en la Provincia de Santiago y en las comunas de Puente Alto y San Bernardo. En la fiscalizaci\u00f3n y prueba de la infracci\u00f3n a esta prohibici\u00f3n podr\u00e1n utilizarse registros fotogr\u00e1ficos o de v\u00eddeo proporcionados por cualquiera que acredite inter\u00e9s en ello\u201d<\/li>\n<\/ul>\n<p>Desde la organizaci\u00f3n se\u00f1alaron que el primer objetivo de Achbiom, tras la aclaraci\u00f3n, es dar tranquilidad a todos los consumidores de pellets en la Regi\u00f3n Metropolitana, dado que\u00a0<span class=\"markup-quote\"><strong>el pellet es reconocido como un combustible limpio, renovable y sustentable<\/strong><\/span>, el cual es beneficioso por razones sociales, econ\u00f3micas y ambientales, en Chile y a nivel mundial.<\/p>\n<p class=\"layoutArea selectionShareable\">Por otra parte, se indica que a\u00fan el proyecto de Ley, que indica la prohibici\u00f3n de la le\u00f1a, no ha sido aprobado totalmente. Ahora corresponde su discusi\u00f3n en la C\u00e1mara de Diputados.<\/p>\n<h4 class=\"layoutArea\"><strong>El an\u00e1lisis de la medida desde Achbiom<\/strong><\/h4>\n<p class=\"layoutArea selectionShareable\">Antonio Minte, gerente de Achbiom, indic\u00f3 que la asociaci\u00f3n &#8220;est\u00e1 confiada en que ya no se puede confundir al formato pellets y su uso, con el mal uso del formato le\u00f1a en Chile, ni a nivel pol\u00edtico ni a nivel de ciudadan\u00eda.\u00a0<strong>Existe extensa informaci\u00f3n t\u00e9cnica, tanto de universidades nacionales como de entidades extranjeras avalando al pellet como un combustible limpio y renovable,<\/strong>\u00a0incluso los pa\u00edses desarrollados fomentan su uso&#8221;.<\/p>\n<p class=\"selectionShareable\">&#8220;As\u00ed mismo, se indica, que la prohibici\u00f3n de la le\u00f1a es una mala medida, ya que otros pa\u00edses, han logrado regularla y normalizarla. Esto ha permitido su buen uso, junto a la tecnolog\u00eda adecuada&#8221;, a\u00f1adi\u00f3 el dirigente.<\/p>\n<p class=\"selectionShareable\">Minte explic\u00f3 que\u00a0<strong>hoy existen se\u00f1ales claras por parte del Ministerio de Energ\u00eda para avanzar en la tarea de reconocer los biocombustibles s\u00f3lidos<\/strong>, &#8220;con lo cual se dar\u00e1 el primer gran freno a la contaminaci\u00f3n causada por el mal uso de la le\u00f1a, sin necesidad de prohibirla&#8221;.<\/p>\n<p class=\"selectionShareable\">El gerente de Achbiom se\u00f1al\u00f3 que adem\u00e1s existen &#8220;otras instancias de desarrollo de la biomasa, que deben ser fomentadas en Chile, como por ejemplo la calefacci\u00f3n distrital, reemplazo de combustibles f\u00f3siles (Diesel, gas, carb\u00f3n, otros) a nivel industrial, y la sustituci\u00f3n del carb\u00f3n en algunas termoel\u00e9ctricas&#8221;. &#8220;Estas iniciativas est\u00e1n siendo desarrolladas a nivel mundial&#8221;, destac\u00f3.<\/p>\n<p class=\"selectionShareable\">Fuente:\u00a0<a href=\"https:\/\/www.publimetro.cl\/cl\/noticias\/2018\/06\/21\/prohibicion-lena-no-pellets.html\">https:\/\/www.publimetro.cl\/<\/a><\/p>\n","protected":false},"excerpt":{"rendered":"<p>La aclaraci\u00f3n hecha por la Asociaci\u00f3n Chilena de Biomasa AG (Achbiom), se debe a la aparici\u00f3n de una serie de publicaciones en la prensa que se\u00f1alaban err\u00f3neamente que se prohibir\u00eda no s\u00f3lo la le\u00f1a, sino que tambi\u00e9n la combusti\u00f3n de otros elementos como los pellets. Adem\u00e1s la prohibici\u00f3n de la le\u00f1a es un proyecto que [&hellip;]<\/p>\n","protected":false},"author":3,"featured_media":2268,"comment_status":"open","ping_status":"open","sticky":false,"template":"","format":"standard","meta":{"footnotes":""},"categories":[3],"tags":[],"class_list":["post-2267","post","type-post","status-publish","format-standard","has-post-thumbnail","hentry","category-noticias"],"_links":{"self":[{"href":"https:\/\/autoconsumo.minenergia.cl\/index.php?rest_route=\/wp\/v2\/posts\/2267","targetHints":{"allow":["GET"]}}],"collection":[{"href":"https:\/\/autoconsumo.minenergia.cl\/index.php?rest_route=\/wp\/v2\/posts"}],"about":[{"href":"https:\/\/autoconsumo.minenergia.cl\/index.php?rest_route=\/wp\/v2\/types\/post"}],"author":[{"embeddable":true,"href":"https:\/\/autoconsumo.minenergia.cl\/index.php?rest_route=\/wp\/v2\/users\/3"}],"replies":[{"embeddable":true,"href":"https:\/\/autoconsumo.minenergia.cl\/index.php?rest_route=%2Fwp%2Fv2%2Fcomments&post=2267"}],"version-history":[{"count":1,"href":"https:\/\/autoconsumo.minenergia.cl\/index.php?rest_route=\/wp\/v2\/posts\/2267\/revisions"}],"predecessor-version":[{"id":2269,"href":"https:\/\/autoconsumo.minenergia.cl\/index.php?rest_route=\/wp\/v2\/posts\/2267\/revisions\/2269"}],"wp:featuredmedia":[{"embeddable":true,"href":"https:\/\/autoconsumo.minenergia.cl\/index.php?rest_route=\/wp\/v2\/media\/2268"}],"wp:attachment":[{"href":"https:\/\/autoconsumo.minenergia.cl\/index.php?rest_route=%2Fwp%2Fv2%2Fmedia&parent=2267"}],"wp:term":[{"taxonomy":"category","embeddable":true,"href":"https:\/\/autoconsumo.minenergia.cl\/index.php?rest_route=%2Fwp%2Fv2%2Fcategories&post=2267"},{"taxonomy":"post_tag","embeddable":true,"href":"https:\/\/autoconsumo.minenergia.cl\/index.php?rest_route=%2Fwp%2Fv2%2Ftags&post=2267"}],"curies":[{"name":"wp","href":"https:\/\/api.w.org\/{rel}","templated":true}]}}