{"id":2398,"date":"2018-07-09T14:09:47","date_gmt":"2018-07-09T14:09:47","guid":{"rendered":"http:\/\/www.minenergia.cl\/autoconsumo\/?p=2398"},"modified":"2018-07-09T14:09:47","modified_gmt":"2018-07-09T14:09:47","slug":"mas-de-460-estudiantes-de-chanaral-contaran-con-agua-caliente-gracias-al-sol","status":"publish","type":"post","link":"https:\/\/autoconsumo.minenergia.cl\/?p=2398","title":{"rendered":"M\u00e1s de 460 estudiantes de Cha\u00f1aral contar\u00e1n con agua caliente gracias al sol"},"content":{"rendered":"<div><img loading=\"lazy\" decoding=\"async\" class=\"alignnone size-full wp-image-2399\" src=\"https:\/\/autoconsumo.minenergia.cl\/wp-content\/uploads\/2018\/07\/SST-CHA\u00d1ARAL.jpg\" alt=\"\" width=\"1024\" height=\"667\" srcset=\"https:\/\/autoconsumo.minenergia.cl\/wp-content\/uploads\/2018\/07\/SST-CHA\u00d1ARAL.jpg 1024w, https:\/\/autoconsumo.minenergia.cl\/wp-content\/uploads\/2018\/07\/SST-CHA\u00d1ARAL-300x195.jpg 300w, https:\/\/autoconsumo.minenergia.cl\/wp-content\/uploads\/2018\/07\/SST-CHA\u00d1ARAL-768x500.jpg 768w, https:\/\/autoconsumo.minenergia.cl\/wp-content\/uploads\/2018\/07\/SST-CHA\u00d1ARAL-660x430.jpg 660w\" sizes=\"auto, (max-width: 1024px) 100vw, 1024px\" \/><\/div>\n<div>En la Escuela Angelina Salas Olivares de Cha\u00f1aral fue inaugurado un sistema solar t\u00e9rmico que permite, a los m\u00e1s de 460 estudiantes del recinto educacional, con un alto grado de vulnerabilidad, contar con agua caliente sanitaria.<\/div>\n<div><\/div>\n<div>La iniciativa ejecutada por el Gobierno a trav\u00e9s del <strong>Programa de Energizaci\u00f3n Rural y Social (Perys) del Ministerio de Energ\u00eda<\/strong>, posibilit\u00f3 la instalaci\u00f3n de sistemas solares t\u00e9rmicos para proveer de agua caliente sanitaria a 11 establecimientos educacionales p\u00fablicos a lo largo de Chile y a un recinto de salud &#8211; siendo el beneficiario el Hospital Provincial de Cha\u00f1aral &#8211; por un monto total de inversi\u00f3n de $ 196.386.254.<\/div>\n<div><\/div>\n<div>\u201cEsta inauguraci\u00f3n es muy importante para nuestro Gobierno porque se enmarca en nuestra Ruta Energ\u00e9tica 2018-2022, impulsada por el Gobierno del Presidente Sebasti\u00e1n Pi\u00f1era, que pretende mejorar la calidad de vida de todos los ciudadanos, en este caso en especial, a los 463 estudiantes de la Escuela Angelina Salas Olivares, quienes van a poder contar con agua caliente sanitaria\u201d, afirm\u00f3 el <strong>seremi de Energ\u00eda de Atacama, Marcelo Sep\u00falveda G\u00e1rate<\/strong>.<\/div>\n<div><\/div>\n<div>En este sentido, la autoridad, indic\u00f3 que la inauguraci\u00f3n de la infraestructura, que tuvo un valor superior a los 14 millones de pesos, apunta a la modernizaci\u00f3n del sector energ\u00eda impulsada desde el Ministerio del ramo. \u201cEste sistema est\u00e1 compuesto por 4 colectores solares que calientan el agua, que es acumulada en un estanque t\u00e9rmico con una capacidad de mil litros y en las instancias donde no se cuente con la energ\u00eda solar hay, paralelamente, un sistema de calef\u00f3n de ahorro energ\u00e9tico eficiente, de manera de siempre estar apoy\u00e1ndose uno con otro y trabajar siempre de manera muy eficiente para tener un suministro de agua caliente sanitaria constante, segura y sustentable\u201d, a\u00f1adi\u00f3.<\/div>\n<div><\/div>\n<div>Por su parte, la directora de la escuela, Alicia Cuevas Olivares, destac\u00f3 que: \u201cla importancia de este sistema solar radica, principalmente, en el beneficio para nuestros ni\u00f1os y ni\u00f1as. Nosotros que vivimos en lugares peque\u00f1os, entendemos que llevar este tipo de modernidad a los estudiantes es bien significativo, por el ahorro econ\u00f3mico y energ\u00e9tico. Que los ni\u00f1os cuenten con este sistema es bastante positivo, ya que las actividades educaci\u00f3n f\u00edsica van a terminar con una buena ducha con agua caliente\u201d, asever\u00f3. Adem\u00e1s, la docente agreg\u00f3 que \u00e9ste es un logro muy sentido para la comunidad educativa porque \u201clos estudiantes nuestros tienen un alto \u00edndice de vulnerabilidad, estamos sobre el 82% de alumnos vulnerables, entonces es m\u00e1s que significativo para nuestra escuela y estoy bastante orgullosa de que sea la primera escuela a nivel provincial que se haya adjudicado este tipo de proyectos\u201d.<\/div>\n<div><\/div>\n<div>Cabe se\u00f1alar que, con el desarrollo de este tipo de iniciativas, el Ministerio de Energ\u00eda busca\u00a0 acercar las energ\u00edas renovables a las comunidades, en este caso, alumnos, profesores y apoderados podr\u00e1n ver en funcionamiento directamente una aplicaci\u00f3n de energ\u00eda renovable para generar agua caliente sanitaria producida por el sol.<\/div>\n<div><\/div>\n<div>Fuente:\u00a0<a href=\"http:\/\/www.radioceleste.cl\/2018\/07\/mas-de-460-estudiantes-de-chanaral.html\">http:\/\/www.radioceleste.cl<\/a><\/div>\n","protected":false},"excerpt":{"rendered":"<p>En la Escuela Angelina Salas Olivares de Cha\u00f1aral fue inaugurado un sistema solar t\u00e9rmico que permite, a los m\u00e1s de 460 estudiantes del recinto educacional, con un alto grado de vulnerabilidad, contar con agua caliente sanitaria. La iniciativa ejecutada por el Gobierno a trav\u00e9s del Programa de Energizaci\u00f3n Rural y Social (Perys) del Ministerio de [&hellip;]<\/p>\n","protected":false},"author":3,"featured_media":2399,"comment_status":"open","ping_status":"open","sticky":false,"template":"","format":"standard","meta":{"footnotes":""},"categories":[3],"tags":[],"class_list":["post-2398","post","type-post","status-publish","format-standard","has-post-thumbnail","hentry","category-noticias"],"_links":{"self":[{"href":"https:\/\/autoconsumo.minenergia.cl\/index.php?rest_route=\/wp\/v2\/posts\/2398","targetHints":{"allow":["GET"]}}],"collection":[{"href":"https:\/\/autoconsumo.minenergia.cl\/index.php?rest_route=\/wp\/v2\/posts"}],"about":[{"href":"https:\/\/autoconsumo.minenergia.cl\/index.php?rest_route=\/wp\/v2\/types\/post"}],"author":[{"embeddable":true,"href":"https:\/\/autoconsumo.minenergia.cl\/index.php?rest_route=\/wp\/v2\/users\/3"}],"replies":[{"embeddable":true,"href":"https:\/\/autoconsumo.minenergia.cl\/index.php?rest_route=%2Fwp%2Fv2%2Fcomments&post=2398"}],"version-history":[{"count":1,"href":"https:\/\/autoconsumo.minenergia.cl\/index.php?rest_route=\/wp\/v2\/posts\/2398\/revisions"}],"predecessor-version":[{"id":2400,"href":"https:\/\/autoconsumo.minenergia.cl\/index.php?rest_route=\/wp\/v2\/posts\/2398\/revisions\/2400"}],"wp:featuredmedia":[{"embeddable":true,"href":"https:\/\/autoconsumo.minenergia.cl\/index.php?rest_route=\/wp\/v2\/media\/2399"}],"wp:attachment":[{"href":"https:\/\/autoconsumo.minenergia.cl\/index.php?rest_route=%2Fwp%2Fv2%2Fmedia&parent=2398"}],"wp:term":[{"taxonomy":"category","embeddable":true,"href":"https:\/\/autoconsumo.minenergia.cl\/index.php?rest_route=%2Fwp%2Fv2%2Fcategories&post=2398"},{"taxonomy":"post_tag","embeddable":true,"href":"https:\/\/autoconsumo.minenergia.cl\/index.php?rest_route=%2Fwp%2Fv2%2Ftags&post=2398"}],"curies":[{"name":"wp","href":"https:\/\/api.w.org\/{rel}","templated":true}]}}