{"id":2407,"date":"2018-07-10T12:53:31","date_gmt":"2018-07-10T12:53:31","guid":{"rendered":"http:\/\/www.minenergia.cl\/autoconsumo\/?p=2407"},"modified":"2018-07-10T12:54:18","modified_gmt":"2018-07-10T12:54:18","slug":"ministerio-de-energia-comienza-programa-de-capacitacion-para-incentivar-el-aumento-de-tecnicos-en-energia-solar-fotovoltaica","status":"publish","type":"post","link":"https:\/\/autoconsumo.minenergia.cl\/?p=2407","title":{"rendered":"Ministerio de Energ\u00eda comienza programa de capacitaci\u00f3n para incentivar el aumento de t\u00e9cnicos en energ\u00eda solar fotovoltaica"},"content":{"rendered":"<p><img loading=\"lazy\" decoding=\"async\" class=\"size-full wp-image-2409\" src=\"https:\/\/autoconsumo.minenergia.cl\/wp-content\/uploads\/2018\/07\/liceos-2.jpg\" alt=\"\" width=\"3138\" height=\"1828\" srcset=\"https:\/\/autoconsumo.minenergia.cl\/wp-content\/uploads\/2018\/07\/liceos-2.jpg 3138w, https:\/\/autoconsumo.minenergia.cl\/wp-content\/uploads\/2018\/07\/liceos-2-300x175.jpg 300w, https:\/\/autoconsumo.minenergia.cl\/wp-content\/uploads\/2018\/07\/liceos-2-768x447.jpg 768w, https:\/\/autoconsumo.minenergia.cl\/wp-content\/uploads\/2018\/07\/liceos-2-1024x597.jpg 1024w, https:\/\/autoconsumo.minenergia.cl\/wp-content\/uploads\/2018\/07\/liceos-2-660x384.jpg 660w\" sizes=\"auto, (max-width: 3138px) 100vw, 3138px\" \/><\/p>\n<p>El Ministerio de Energ\u00eda inici\u00f3 un nuevo\u00a0<strong>Programa Piloto de Capacitaci\u00f3n en Energ\u00eda Solar Fotovoltaica<\/strong>\u00a0para 40 profesores de 20 liceos de ense\u00f1anza media t\u00e9cnico profesional -de Arica y Parinacota hasta B\u00edo B\u00edo- el cual beneficiar\u00e1 a m\u00e1s de 700 estudiantes al a\u00f1o.<\/p>\n<p>El Seremi Metropolitano de Energ\u00eda,\u00a0<strong>Sebasti\u00e1n Herrera<\/strong>, dio las palabras de bienvenida a la capacitaci\u00f3n y relev\u00f3 que uno de los principales \u201cmega compromisos\u201d establecidos en la Ruta Energ\u00e9tica 2018-2022 es capacitar a operarios t\u00e9cnicos profesionales, reafirmando que \u201cel Ministerio de Energ\u00eda est\u00e1 comprometido con los estudiantes para que puedan desarrollar competencias y habilidades en la implementaci\u00f3n y mantenci\u00f3n de energ\u00edas renovables \u2013 en este caso fotovoltaico-, lo que les permitir\u00e1 ingresar a un nuevo campo laboral, tener una mejor inserci\u00f3n en un primer trabajo, continuidad de sus estudios t\u00e9cnicos a nivel superior y fomento al emprendimiento\u201d.<\/p>\n<p><strong>Caracter\u00edsticas del nuevo programa<\/strong><\/p>\n<p>La iniciativa se est\u00e1 realizando con el apoyo t\u00e9cnico del Ministerio de Educaci\u00f3n y la Superintendencia de Electricidad y Combustibles, y consta de la incorporaci\u00f3n de la tem\u00e1tica fotovoltaica en el programa de estudio de la especialidad de electricidad, capacitaci\u00f3n para dos docentes de cada liceo en materias relativas al dise\u00f1o, instalaci\u00f3n y mantenci\u00f3n de sistemas fotovoltaicos y sus aspectos regulatorios, as\u00ed como la implementaci\u00f3n de un laboratorio fotovoltaico y material docente y did\u00e1ctico para el trabajo te\u00f3rico-pr\u00e1ctico en el aula.<\/p>\n<p>El programa seleccion\u00f3 a 20 liceos de Arica y Parinacota hasta B\u00edo B\u00edo -regiones que presentan una mayor radiaci\u00f3n solar- los cuales alcanzan una matr\u00edcula en especialidad de electricidad de 720 alumnos en tercero medio y 746 en cuarto medio.<\/p>\n<p>Se espera que a partir del 2019 comiencen a egresar de estos liceos anualmente al menos 700 t\u00e9cnicos electricistas nivel medio especializados en la implementaci\u00f3n y mantenci\u00f3n de sistemas fotovoltaicos instalados bajo el esquema de la Ley de Generaci\u00f3n Distribuida.<\/p>\n<p>El programa contar\u00e1 con el apoyo a los liceos seleccionados para que tramiten ante la SEC, la aprobaci\u00f3n del Plan y Programa de Estudios de la especialidad con el fin que sus titulados de t\u00e9cnico de nivel medio en electricidad, obtengan la Licencia de Instalador El\u00e9ctrico clase D.<\/p>\n<p>Adicional a la capacitaci\u00f3n, el Programa Techos Solares P\u00fablicos instalar\u00e1 sistemas fotovoltaicos en los 20 liceos seleccionados, en cuanto cumplan con las condiciones t\u00e9cnicas necesarias, en t\u00e9rminos de las estructuras, techumbres, instalaciones el\u00e9ctricas y consumos el\u00e9ctricos.<\/p>\n<p><strong>Liceos seleccionados para el programa<\/strong><\/p>\n<p><img loading=\"lazy\" decoding=\"async\" class=\"alignnone wp-image-2408\" src=\"https:\/\/autoconsumo.minenergia.cl\/wp-content\/uploads\/2018\/07\/liceos.jpg\" alt=\"\" width=\"540\" height=\"764\" srcset=\"https:\/\/autoconsumo.minenergia.cl\/wp-content\/uploads\/2018\/07\/liceos.jpg 457w, https:\/\/autoconsumo.minenergia.cl\/wp-content\/uploads\/2018\/07\/liceos-212x300.jpg 212w\" sizes=\"auto, (max-width: 540px) 100vw, 540px\" \/><\/p>\n<p>Fuente:\u00a0<a href=\"http:\/\/www.energia.gob.cl\/tema-de-interes\/ministerio-de-energia-comienza-0\">http:\/\/www.energia.gob.cl\/<\/a><\/p>\n","protected":false},"excerpt":{"rendered":"<p>El Ministerio de Energ\u00eda inici\u00f3 un nuevo\u00a0Programa Piloto de Capacitaci\u00f3n en Energ\u00eda Solar Fotovoltaica\u00a0para 40 profesores de 20 liceos de ense\u00f1anza media t\u00e9cnico profesional -de Arica y Parinacota hasta B\u00edo B\u00edo- el cual beneficiar\u00e1 a m\u00e1s de 700 estudiantes al a\u00f1o. El Seremi Metropolitano de Energ\u00eda,\u00a0Sebasti\u00e1n Herrera, dio las palabras de bienvenida a la capacitaci\u00f3n [&hellip;]<\/p>\n","protected":false},"author":3,"featured_media":2409,"comment_status":"open","ping_status":"open","sticky":false,"template":"","format":"standard","meta":{"footnotes":""},"categories":[3],"tags":[],"class_list":["post-2407","post","type-post","status-publish","format-standard","has-post-thumbnail","hentry","category-noticias"],"_links":{"self":[{"href":"https:\/\/autoconsumo.minenergia.cl\/index.php?rest_route=\/wp\/v2\/posts\/2407","targetHints":{"allow":["GET"]}}],"collection":[{"href":"https:\/\/autoconsumo.minenergia.cl\/index.php?rest_route=\/wp\/v2\/posts"}],"about":[{"href":"https:\/\/autoconsumo.minenergia.cl\/index.php?rest_route=\/wp\/v2\/types\/post"}],"author":[{"embeddable":true,"href":"https:\/\/autoconsumo.minenergia.cl\/index.php?rest_route=\/wp\/v2\/users\/3"}],"replies":[{"embeddable":true,"href":"https:\/\/autoconsumo.minenergia.cl\/index.php?rest_route=%2Fwp%2Fv2%2Fcomments&post=2407"}],"version-history":[{"count":2,"href":"https:\/\/autoconsumo.minenergia.cl\/index.php?rest_route=\/wp\/v2\/posts\/2407\/revisions"}],"predecessor-version":[{"id":2411,"href":"https:\/\/autoconsumo.minenergia.cl\/index.php?rest_route=\/wp\/v2\/posts\/2407\/revisions\/2411"}],"wp:featuredmedia":[{"embeddable":true,"href":"https:\/\/autoconsumo.minenergia.cl\/index.php?rest_route=\/wp\/v2\/media\/2409"}],"wp:attachment":[{"href":"https:\/\/autoconsumo.minenergia.cl\/index.php?rest_route=%2Fwp%2Fv2%2Fmedia&parent=2407"}],"wp:term":[{"taxonomy":"category","embeddable":true,"href":"https:\/\/autoconsumo.minenergia.cl\/index.php?rest_route=%2Fwp%2Fv2%2Fcategories&post=2407"},{"taxonomy":"post_tag","embeddable":true,"href":"https:\/\/autoconsumo.minenergia.cl\/index.php?rest_route=%2Fwp%2Fv2%2Ftags&post=2407"}],"curies":[{"name":"wp","href":"https:\/\/api.w.org\/{rel}","templated":true}]}}