{"id":2419,"date":"2018-07-11T17:00:08","date_gmt":"2018-07-11T17:00:08","guid":{"rendered":"http:\/\/www.minenergia.cl\/autoconsumo\/?p=2419"},"modified":"2018-07-11T17:00:08","modified_gmt":"2018-07-11T17:00:08","slug":"energias-limpias-en-ohiggins-fabrica-de-san-fernando-funciona-con-mas-de-300-paneles-solares","status":"publish","type":"post","link":"https:\/\/autoconsumo.minenergia.cl\/?p=2419","title":{"rendered":"Energ\u00edas limpias en O&#8217;Higgins: Fabrica de San Fernando funciona con mas de 300 paneles solares"},"content":{"rendered":"<p><img loading=\"lazy\" decoding=\"async\" class=\"alignnone size-full wp-image-2420\" src=\"https:\/\/autoconsumo.minenergia.cl\/wp-content\/uploads\/2018\/07\/nestle.jpg\" alt=\"\" width=\"400\" height=\"285\" srcset=\"https:\/\/autoconsumo.minenergia.cl\/wp-content\/uploads\/2018\/07\/nestle.jpg 400w, https:\/\/autoconsumo.minenergia.cl\/wp-content\/uploads\/2018\/07\/nestle-300x214.jpg 300w\" sizes=\"auto, (max-width: 400px) 100vw, 400px\" \/><\/p>\n<p>Gracias a este proyecto, se alcanzar\u00e1 una generaci\u00f3n de electricidad equivalente al consumo anual de 65 viviendas.<\/p>\n<p><span style=\"font-family: georgia, palatino, serif; font-size: 12pt;\">El Seremi de Energ\u00eda de la Regi\u00f3n de O\u2019Higgins, Pedro Pablo Ogaz, visit\u00f3 la F\u00e1brica de Nestl\u00e9 ubicada en San Fernando con el fin de conocer el proyecto fotovoltaico que se est\u00e1 desarrollando en la planta donde se producen los alimentos infantiles y productos culinarios de la empresa en Chile.<\/span><\/p>\n<p><span style=\"font-family: georgia, palatino, serif; font-size: 12pt;\">En el techo de la F\u00e1brica de Nestl\u00e9 en San Fernando, se instalaron m\u00e1s de 300 paneles solares, lo que signific\u00f3 una inversi\u00f3n de casi 100 millones de pesos. \u00c9sta, se suma a otras iniciativas, como la que convertir\u00e1n a la compa\u00f1\u00eda en la primera compa\u00f1\u00eda en abastecerse de energ\u00eda el\u00e9ctrica en un 100% proveniente de fuentes de Energ\u00edas Renovables No Convencionales (ERNC).<\/span><\/p>\n<p><span style=\"font-family: georgia, palatino, serif; font-size: 12pt;\">Al respecto, el Seremi de Energ\u00eda de la Regi\u00f3n de O\u2019Higgins, asegur\u00f3 que, &#8220;dentro de nuestra gesti\u00f3n tenemos considerado acercar los diferentes tipos de energ\u00eda hacia las industrias que operan actualmente en la Regi\u00f3n de O\u00b4Higgins, donde, adem\u00e1s, queremos conocer las experiencias de aquellos que est\u00e1n incorporando eficiencia energ\u00e9tica en sus procesos productivos. Es por esto que hoy hemos visitado la F\u00e1brica de Nestl\u00e9 en la comuna de San Fernando, porque valoramos esta iniciativa, creemos que es un proyecto exitoso y replicable en todas las actividades productivas existentes en la Regi\u00f3n de O\u00b4Higgins\u201d.<\/span><\/p>\n<p><span style=\"font-family: georgia, palatino, serif; font-size: 12pt;\">Asimismo, el Gerente de F\u00e1brica San Fernando, Nelson Cantillana, asegur\u00f3 que \u201cpara nosotros es un honor recibir la visita del SEREMI y que se nos reconozca por nuestros avances en materia de medioambiente. Nuestro proyecto fotovoltaico, que consta de 800 m2 de paneles solares, lo convierten en el m\u00e1s grande de Nestl\u00e9 en su tipo en el pa\u00eds\u201d, precis\u00f3 Cantillana.<\/span><\/p>\n<p><span style=\"font-family: georgia, palatino, serif; font-size: 12pt;\">Gracias a este proyecto se alcanzar\u00e1 una generaci\u00f3n de electricidad a trav\u00e9s de energ\u00eda solar de 142.900 Kwh, equivalente al consumo anual de 65 viviendas. Adem\u00e1s, el proyecto permitir\u00e1 reducir la emisi\u00f3n de alrededor de 66 toneladas de CO2 al a\u00f1o, equivalente al CO2 que pueden absorber 2.900 \u00e1rboles en un mismo periodo, gracias al uso de energ\u00eda solar.<\/span><\/p>\n<p>Fuente:\u00a0<a href=\"http:\/\/www.elrancahuaso.cl\/noticia\/sociedad\/energias-limpias-en-ohiggins-fabrica-de-san-fernando-funciona-con-mas-de-300-panele\">http:\/\/www.elrancahuaso.cl<\/a><\/p>\n","protected":false},"excerpt":{"rendered":"<p>Gracias a este proyecto, se alcanzar\u00e1 una generaci\u00f3n de electricidad equivalente al consumo anual de 65 viviendas. El Seremi de Energ\u00eda de la Regi\u00f3n de O\u2019Higgins, Pedro Pablo Ogaz, visit\u00f3 la F\u00e1brica de Nestl\u00e9 ubicada en San Fernando con el fin de conocer el proyecto fotovoltaico que se est\u00e1 desarrollando en la planta donde se [&hellip;]<\/p>\n","protected":false},"author":3,"featured_media":2420,"comment_status":"open","ping_status":"open","sticky":false,"template":"","format":"standard","meta":{"footnotes":""},"categories":[3],"tags":[],"class_list":["post-2419","post","type-post","status-publish","format-standard","has-post-thumbnail","hentry","category-noticias"],"_links":{"self":[{"href":"https:\/\/autoconsumo.minenergia.cl\/index.php?rest_route=\/wp\/v2\/posts\/2419","targetHints":{"allow":["GET"]}}],"collection":[{"href":"https:\/\/autoconsumo.minenergia.cl\/index.php?rest_route=\/wp\/v2\/posts"}],"about":[{"href":"https:\/\/autoconsumo.minenergia.cl\/index.php?rest_route=\/wp\/v2\/types\/post"}],"author":[{"embeddable":true,"href":"https:\/\/autoconsumo.minenergia.cl\/index.php?rest_route=\/wp\/v2\/users\/3"}],"replies":[{"embeddable":true,"href":"https:\/\/autoconsumo.minenergia.cl\/index.php?rest_route=%2Fwp%2Fv2%2Fcomments&post=2419"}],"version-history":[{"count":1,"href":"https:\/\/autoconsumo.minenergia.cl\/index.php?rest_route=\/wp\/v2\/posts\/2419\/revisions"}],"predecessor-version":[{"id":2421,"href":"https:\/\/autoconsumo.minenergia.cl\/index.php?rest_route=\/wp\/v2\/posts\/2419\/revisions\/2421"}],"wp:featuredmedia":[{"embeddable":true,"href":"https:\/\/autoconsumo.minenergia.cl\/index.php?rest_route=\/wp\/v2\/media\/2420"}],"wp:attachment":[{"href":"https:\/\/autoconsumo.minenergia.cl\/index.php?rest_route=%2Fwp%2Fv2%2Fmedia&parent=2419"}],"wp:term":[{"taxonomy":"category","embeddable":true,"href":"https:\/\/autoconsumo.minenergia.cl\/index.php?rest_route=%2Fwp%2Fv2%2Fcategories&post=2419"},{"taxonomy":"post_tag","embeddable":true,"href":"https:\/\/autoconsumo.minenergia.cl\/index.php?rest_route=%2Fwp%2Fv2%2Ftags&post=2419"}],"curies":[{"name":"wp","href":"https:\/\/api.w.org\/{rel}","templated":true}]}}