{"id":2422,"date":"2018-07-11T17:05:14","date_gmt":"2018-07-11T17:05:14","guid":{"rendered":"http:\/\/www.minenergia.cl\/autoconsumo\/?p=2422"},"modified":"2018-07-11T17:05:14","modified_gmt":"2018-07-11T17:05:14","slug":"conozca-los-11-proyectos-fotovoltaicos-que-se-desarrollan-en-la-region-de-valparaiso","status":"publish","type":"post","link":"https:\/\/autoconsumo.minenergia.cl\/?p=2422","title":{"rendered":"Conozca los 11 proyectos fotovoltaicos que se desarrollan en la regi\u00f3n de Valpara\u00edso"},"content":{"rendered":"<h4>Proyecto de energ\u00eda renovable en la comuna de Casablanca permitir\u00e1 cultivar cuatro hect\u00e1reas de menta en el suelo donde se encuentra ubicado.<\/h4>\n<p><img loading=\"lazy\" decoding=\"async\" class=\"alignnone size-full wp-image-2423\" src=\"https:\/\/autoconsumo.minenergia.cl\/wp-content\/uploads\/2018\/07\/el-refugio.png\" alt=\"\" width=\"750\" height=\"404\" srcset=\"https:\/\/autoconsumo.minenergia.cl\/wp-content\/uploads\/2018\/07\/el-refugio.png 750w, https:\/\/autoconsumo.minenergia.cl\/wp-content\/uploads\/2018\/07\/el-refugio-300x162.png 300w, https:\/\/autoconsumo.minenergia.cl\/wp-content\/uploads\/2018\/07\/el-refugio-660x356.png 660w\" sizes=\"auto, (max-width: 750px) 100vw, 750px\" \/><\/p>\n<p>Hasta el fundo El Refugio, en Casablanca, llegaron autoridades regionales para conocer el estado de avance de la construcci\u00f3n de la planta solar fotovoltaica, El Olivillo, uno de los 11 parques solares que actualmente se encuentran en construcci\u00f3n en la regi\u00f3n de Valpara\u00edso.<\/p>\n<p>Este proyecto tiene 9 MW neto, que se inyectar\u00e1n a la red, utiliza 17 hect\u00e1reas\u00a0 y las obras llevan un 70% de avance, por lo que debieran estar conectando la planta a fines de septiembre.<\/p>\n<div class=\"9OrJ2CzL\"><\/div>\n<p>Igualmente, el proyecto cuenta con un compromiso en su RCA para hacer coexistir un cultivo de menta con la planta solar. Para eso se destinar\u00e1n cuatro hect\u00e1reas del proyecto, que permitir\u00e1n integrar a la comunidad local en el cultivo, en la producci\u00f3n y en la elaboraci\u00f3n de productos derivados de la menta.<\/p>\n<p>Al respecto, el seremi de Energ\u00eda, Gonzalo Le Dantec, sostuvo que \u201cquisimos visitar este proyecto solar en Casablanca, por ser el primero de nuestra regi\u00f3n en incorporar el valor compartido, desarrollando no s\u00f3lo energ\u00eda solar, sino que tambi\u00e9n producci\u00f3n agr\u00edcola con plantaciones de menta\u201d.<\/p>\n<p>El proyecto Parque Solar Fotovoltaico El Olivillo, que tiene una inversi\u00f3n de m\u00e1s de US$ 12 millones, consiste en construir y operar una instalaci\u00f3n generadora de electricidad empleando tecnolog\u00eda solar fotovoltaica, compuesta por m\u00e1s de 32 mil paneles solares de 310Wp cada uno, de esta forma el parque alcanzar\u00e1 los 9MW de potencia nominal, inyectando su energ\u00eda generada al Sistema El\u00e9ctrico Nacional.<\/p>\n<h4><strong>Proyectos fotovoltaicos en la regi\u00f3n<\/strong><\/h4>\n<p><img loading=\"lazy\" decoding=\"async\" class=\"alignnone size-full wp-image-2424\" src=\"https:\/\/autoconsumo.minenergia.cl\/wp-content\/uploads\/2018\/07\/proyectos-valpo.jpg\" alt=\"\" width=\"826\" height=\"653\" srcset=\"https:\/\/autoconsumo.minenergia.cl\/wp-content\/uploads\/2018\/07\/proyectos-valpo.jpg 826w, https:\/\/autoconsumo.minenergia.cl\/wp-content\/uploads\/2018\/07\/proyectos-valpo-300x237.jpg 300w, https:\/\/autoconsumo.minenergia.cl\/wp-content\/uploads\/2018\/07\/proyectos-valpo-768x607.jpg 768w, https:\/\/autoconsumo.minenergia.cl\/wp-content\/uploads\/2018\/07\/proyectos-valpo-660x522.jpg 660w\" sizes=\"auto, (max-width: 826px) 100vw, 826px\" \/><\/p>\n<p>Fuente:\u00a0<a href=\"https:\/\/www.epicentrochile.com\/2018\/07\/10\/conozca-los-11-proyectos-fotovoltaicos-que-se-desarrollan-en-la-region-de-valparaiso\/\">https:\/\/www.epicentrochile.com<\/a><\/p>\n","protected":false},"excerpt":{"rendered":"<p>Proyecto de energ\u00eda renovable en la comuna de Casablanca permitir\u00e1 cultivar cuatro hect\u00e1reas de menta en el suelo donde se encuentra ubicado. Hasta el fundo El Refugio, en Casablanca, llegaron autoridades regionales para conocer el estado de avance de la construcci\u00f3n de la planta solar fotovoltaica, El Olivillo, uno de los 11 parques solares que [&hellip;]<\/p>\n","protected":false},"author":3,"featured_media":2423,"comment_status":"open","ping_status":"open","sticky":false,"template":"","format":"standard","meta":{"footnotes":""},"categories":[3],"tags":[],"class_list":["post-2422","post","type-post","status-publish","format-standard","has-post-thumbnail","hentry","category-noticias"],"_links":{"self":[{"href":"https:\/\/autoconsumo.minenergia.cl\/index.php?rest_route=\/wp\/v2\/posts\/2422","targetHints":{"allow":["GET"]}}],"collection":[{"href":"https:\/\/autoconsumo.minenergia.cl\/index.php?rest_route=\/wp\/v2\/posts"}],"about":[{"href":"https:\/\/autoconsumo.minenergia.cl\/index.php?rest_route=\/wp\/v2\/types\/post"}],"author":[{"embeddable":true,"href":"https:\/\/autoconsumo.minenergia.cl\/index.php?rest_route=\/wp\/v2\/users\/3"}],"replies":[{"embeddable":true,"href":"https:\/\/autoconsumo.minenergia.cl\/index.php?rest_route=%2Fwp%2Fv2%2Fcomments&post=2422"}],"version-history":[{"count":1,"href":"https:\/\/autoconsumo.minenergia.cl\/index.php?rest_route=\/wp\/v2\/posts\/2422\/revisions"}],"predecessor-version":[{"id":2425,"href":"https:\/\/autoconsumo.minenergia.cl\/index.php?rest_route=\/wp\/v2\/posts\/2422\/revisions\/2425"}],"wp:featuredmedia":[{"embeddable":true,"href":"https:\/\/autoconsumo.minenergia.cl\/index.php?rest_route=\/wp\/v2\/media\/2423"}],"wp:attachment":[{"href":"https:\/\/autoconsumo.minenergia.cl\/index.php?rest_route=%2Fwp%2Fv2%2Fmedia&parent=2422"}],"wp:term":[{"taxonomy":"category","embeddable":true,"href":"https:\/\/autoconsumo.minenergia.cl\/index.php?rest_route=%2Fwp%2Fv2%2Fcategories&post=2422"},{"taxonomy":"post_tag","embeddable":true,"href":"https:\/\/autoconsumo.minenergia.cl\/index.php?rest_route=%2Fwp%2Fv2%2Ftags&post=2422"}],"curies":[{"name":"wp","href":"https:\/\/api.w.org\/{rel}","templated":true}]}}