{"id":2426,"date":"2018-07-11T17:10:51","date_gmt":"2018-07-11T17:10:51","guid":{"rendered":"http:\/\/www.minenergia.cl\/autoconsumo\/?p=2426"},"modified":"2018-07-11T17:11:23","modified_gmt":"2018-07-11T17:11:23","slug":"municipio-de-valparaiso-entrego-nuevo-modelo-de-vivienda-social-al-serviu-con-paneles-fotovoltaicos","status":"publish","type":"post","link":"https:\/\/autoconsumo.minenergia.cl\/?p=2426","title":{"rendered":"Municipio de Valpara\u00edso entreg\u00f3 nuevo modelo de vivienda social al Serviu con paneles fotovoltaicos"},"content":{"rendered":"<h4>El proyecto &#8220;Nuevo Amanecer&#8221;, que fue dise\u00f1ado por vecinos y el municipio, beneficiar\u00e1 a 48 familias damnificadas del incendio de 2017 en Puertas Negras.<\/h4>\n<p><img loading=\"lazy\" decoding=\"async\" class=\"alignnone size-full wp-image-2427\" src=\"https:\/\/autoconsumo.minenergia.cl\/wp-content\/uploads\/2018\/07\/duplex-750x404.png\" alt=\"\" width=\"750\" height=\"404\" srcset=\"https:\/\/autoconsumo.minenergia.cl\/wp-content\/uploads\/2018\/07\/duplex-750x404.png 750w, https:\/\/autoconsumo.minenergia.cl\/wp-content\/uploads\/2018\/07\/duplex-750x404-300x162.png 300w, https:\/\/autoconsumo.minenergia.cl\/wp-content\/uploads\/2018\/07\/duplex-750x404-660x356.png 660w\" sizes=\"auto, (max-width: 750px) 100vw, 750px\" \/><\/p>\n<p>M\u00e1s grandes, de dos pisos y con dos ba\u00f1os, ser\u00e1n los nuevos departamentos sociales que est\u00e1 impulsando la Municipalidad de Valpara\u00edso, a trav\u00e9s de su Departamento de Vivienda.<\/p>\n<p>La Alcald\u00eda Ciudadana promueve que la vivienda debe entenderse como un derecho, por tal raz\u00f3n, fueron los propios vecinos los que dise\u00f1aron, junto a profesionales, el nuevo modelo habitacional.<\/p>\n<div class=\"BG9O7UGZ\"><\/div>\n<p>El proyecto \u201cNuevo Amanecer\u201d, que fue entregado a la Oficina de Partes del Serviu Valpara\u00edso, por el alcalde Jorge Sharp e integrantes del Comit\u00e9 Luz de Esperanza, beneficiar\u00e1 a 48 familias damnificadas del incendio de Puertas Negras, ocurrido el 2 de enero del 2017 en el cerro Playa Ancha.<\/p>\n<p>Al respecto, el jefe comunal plante\u00f3 que \u201chablamos de 48 familias que van a poder acceder a esto, que no es solamente la construcci\u00f3n de una vivienda, sino que tiene una idea de barrio. Es un proyecto de vivienda que no solamente sali\u00f3 de la cabeza de arquitectos y profesional que trabajaron en esto, sino que surgi\u00f3 gracias a un proceso de participaci\u00f3n donde los vecinos fueron parte\u201d.<\/p>\n<p>Rosa Gallardo, una de las afectadas del incendio, expres\u00f3 que \u201ccada uno aport\u00f3 diciendo c\u00f3mo quer\u00eda su casa. En mi caso, estamos postulando al primer piso y con accesos especiales porque mi pareja es discapacitado. Estamos muy contentos\u201d.<\/p>\n<h4><strong>Duplex sobre duplex<\/strong><\/h4>\n<p>El proyecto \u201cNuevo Amanecer\u201d, patrocinado por la EGIS Municipal, contempla edificios de estructura de hormig\u00f3n. Departamentos d\u00faplex con dos ba\u00f1os, cuatro dormitorios, cocina, estar comedor y logia.<\/p>\n<p>Se trata de un proyecto \u201cde duplex sobre d\u00faplex, o sea, casa sobre casa, donde m\u00e1s del 80% es con acceso por rampa con corredores. Y seis unidades de accesibilidad universal. Fueron hechos por los propios vecinos, as\u00ed que estamos maravillados con este hito encabezado por la comunidad y la alcald\u00eda\u201d, agreg\u00f3 el arquitecto a cargo, Joaqu\u00edn Velasco.<\/p>\n<p>Cabe se\u00f1alar que la Municipalidad de Valpara\u00edso aport\u00f3 con un terreno de 5.300 m2, ubicado en la calle Ignacio Silva Medina en el tercer sector de Playa Ancha. El programa Campamento de Serviu financi\u00f3 la mec\u00e1nica y la topograf\u00eda del predio y con la empresa Chilquinta se gestion\u00f3 el aporte de insumos de <strong>placas fotovoltaicas<\/strong> para eficiencia energ\u00e9tica de los inmuebles.<\/p>\n<p>Una vez ingresado el proyecto al Serviu, debe ser sometido a revisi\u00f3n, cumplir con todos los requerimientos y ser evaluado. Posteriormente, se deben hacer observaciones. Una vez que est\u00e9n corregidas se podr\u00e1n adjudicar los montos y dar inicio a la obra.<\/p>\n<p>Fuente:\u00a0<a href=\"https:\/\/www.epicentrochile.com\/2018\/07\/10\/municipio-de-valparaiso-entrego-nuevo-modelo-de-vivienda-social-al-serviu\/\">https:\/\/www.epicentrochile.com<\/a><\/p>\n<p>&nbsp;<\/p>\n","protected":false},"excerpt":{"rendered":"<p>El proyecto &#8220;Nuevo Amanecer&#8221;, que fue dise\u00f1ado por vecinos y el municipio, beneficiar\u00e1 a 48 familias damnificadas del incendio de 2017 en Puertas Negras. M\u00e1s grandes, de dos pisos y con dos ba\u00f1os, ser\u00e1n los nuevos departamentos sociales que est\u00e1 impulsando la Municipalidad de Valpara\u00edso, a trav\u00e9s de su Departamento de Vivienda. La Alcald\u00eda Ciudadana [&hellip;]<\/p>\n","protected":false},"author":3,"featured_media":2427,"comment_status":"open","ping_status":"open","sticky":false,"template":"","format":"standard","meta":{"footnotes":""},"categories":[3],"tags":[],"class_list":["post-2426","post","type-post","status-publish","format-standard","has-post-thumbnail","hentry","category-noticias"],"_links":{"self":[{"href":"https:\/\/autoconsumo.minenergia.cl\/index.php?rest_route=\/wp\/v2\/posts\/2426","targetHints":{"allow":["GET"]}}],"collection":[{"href":"https:\/\/autoconsumo.minenergia.cl\/index.php?rest_route=\/wp\/v2\/posts"}],"about":[{"href":"https:\/\/autoconsumo.minenergia.cl\/index.php?rest_route=\/wp\/v2\/types\/post"}],"author":[{"embeddable":true,"href":"https:\/\/autoconsumo.minenergia.cl\/index.php?rest_route=\/wp\/v2\/users\/3"}],"replies":[{"embeddable":true,"href":"https:\/\/autoconsumo.minenergia.cl\/index.php?rest_route=%2Fwp%2Fv2%2Fcomments&post=2426"}],"version-history":[{"count":1,"href":"https:\/\/autoconsumo.minenergia.cl\/index.php?rest_route=\/wp\/v2\/posts\/2426\/revisions"}],"predecessor-version":[{"id":2428,"href":"https:\/\/autoconsumo.minenergia.cl\/index.php?rest_route=\/wp\/v2\/posts\/2426\/revisions\/2428"}],"wp:featuredmedia":[{"embeddable":true,"href":"https:\/\/autoconsumo.minenergia.cl\/index.php?rest_route=\/wp\/v2\/media\/2427"}],"wp:attachment":[{"href":"https:\/\/autoconsumo.minenergia.cl\/index.php?rest_route=%2Fwp%2Fv2%2Fmedia&parent=2426"}],"wp:term":[{"taxonomy":"category","embeddable":true,"href":"https:\/\/autoconsumo.minenergia.cl\/index.php?rest_route=%2Fwp%2Fv2%2Fcategories&post=2426"},{"taxonomy":"post_tag","embeddable":true,"href":"https:\/\/autoconsumo.minenergia.cl\/index.php?rest_route=%2Fwp%2Fv2%2Ftags&post=2426"}],"curies":[{"name":"wp","href":"https:\/\/api.w.org\/{rel}","templated":true}]}}