{"id":2445,"date":"2017-12-07T12:58:35","date_gmt":"2017-12-07T12:58:35","guid":{"rendered":"http:\/\/www.minenergia.cl\/autoconsumo\/?p=2445"},"modified":"2018-07-19T13:02:05","modified_gmt":"2018-07-19T13:02:05","slug":"barrio-ictinos-de-penalolen-busca-implementar-panales-solares-a-traves-de-sercotec","status":"publish","type":"post","link":"https:\/\/autoconsumo.minenergia.cl\/?p=2445","title":{"rendered":"Barrio Ictinos de Pe\u00f1alol\u00e9n busca implementar panales solares a trav\u00e9s de Sercotec"},"content":{"rendered":"<h4>A trav\u00e9s del Programa Fortalecimiento de Barrios Comerciales de Sercotec, 14 locales comerciales tendr\u00e1n paneles fotovoltaicos lo que significar\u00e1 un ahorro energ\u00e9tico mensual cercano a un 23%.<\/h4>\n<p><img loading=\"lazy\" decoding=\"async\" class=\" wp-image-2446\" src=\"https:\/\/autoconsumo.minenergia.cl\/wp-content\/uploads\/2018\/07\/Sercotec-Ictinos-53_1.jpg\" alt=\"\" width=\"898\" height=\"403\" srcset=\"https:\/\/autoconsumo.minenergia.cl\/wp-content\/uploads\/2018\/07\/Sercotec-Ictinos-53_1.jpg 780w, https:\/\/autoconsumo.minenergia.cl\/wp-content\/uploads\/2018\/07\/Sercotec-Ictinos-53_1-300x135.jpg 300w, https:\/\/autoconsumo.minenergia.cl\/wp-content\/uploads\/2018\/07\/Sercotec-Ictinos-53_1-768x345.jpg 768w, https:\/\/autoconsumo.minenergia.cl\/wp-content\/uploads\/2018\/07\/Sercotec-Ictinos-53_1-660x296.jpg 660w\" sizes=\"auto, (max-width: 898px) 100vw, 898px\" \/><\/p>\n<p>Ser el primer barrio comercial autosustentable de Chile, es a lo que aspira convertirse el Barrio Ictinos de Pe\u00f1alol\u00e9n, compuesto por 35 microempresarios que, a trav\u00e9s del trabajo asociativo entre comerciantes, vecinos y entidades p\u00fablicas y privadas, hoy concretan uno de sus proyectos emblem\u00e1ticos: la instalaci\u00f3n de 14 paneles fotovoltaicos que significar\u00e1 un ahorro en la cuenta de electricidad de alrededor de un 23% mensual.<\/p>\n<p>Para ello, los microempresarios recibieron el apoyo del Servicio de Cooperaci\u00f3n T\u00e9cnica, Sercotec, mediante el programa de Fortalecimiento de Barrios Comerciales que se ejecuta en el sector desde el 2015. &#8220;Estamos muy contentos con este gran paso que ha dado Barrio Ictinos hacia la sustentabilidad, entendiendo que es vital crecer econ\u00f3micamente de la mano del medio ambiente. Esperamos que los otros barrios de Santiago y del pa\u00eds tomen esta iniciativa y, asociativamente, generen proyectos de esta \u00edndole que beneficia en ahorro energ\u00e9tico, lo cual disminuye los costos variables, aumenta la productividad de la empresa y que contribuye enormemente en la construcci\u00f3n de un mejor pa\u00eds&#8221;, expres\u00f3 Juan Ignacio Olave, director regional Metropolitano de Sercotec.<\/p>\n<p>Cada kit incluye 2 paneles de 265Wp y se estima que generen 748KWh al a\u00f1o. Llevar a cabo el proyecto signific\u00f3 $18.200.000 de inversi\u00f3n, del cual un 90% fue financiado por Sercotec y el 10% restante por los locatarios de Barrio Ictinos. No obstante, la iniciativa, pionera en su tipo, cont\u00f3 con la colaboraci\u00f3n y apoyo del municipio de Pe\u00f1alol\u00e9n y de Enel, empresa a cargo de la instalaci\u00f3n de los paneles.<\/p>\n<p>Durante el inicio de las obras, la alcaldesa de Pe\u00f1alol\u00e9n, Carolina Leitao, se\u00f1al\u00f3 que &#8220;estoy muy contenta porque como municipio hemos sido testigos privilegiados del crecimiento que ha mostrado el barrio Ictinos, uno de los m\u00e1s tradicionales sectores comerciales de la comuna, y que hoy,\u00a0con la instalaci\u00f3n de estos paneles fotovoltaicos estamos nuevamente innovando al transformar este lugar en el primer sector comercial del pa\u00eds que adquiere la categor\u00eda de barrio sustentable. Quiero felicitar especialmente a los locatarios porque desde que partimos el trabajo con Sercotec para incluir a Ictinos en el Programa de Fortalecimiento de Barrios Comerciales, han sido los propios vecinos los que por medio del trabajo organizado est\u00e1n logrando consolidar una visi\u00f3n com\u00fan de presente y futuro para su sector&#8221;.<\/p>\n<p>De igual manera Simone Tripepi, Gerente de E-Solutions de Enel, manifest\u00f3 que &#8220;Enel ha avanzado en forma sostenida\u00a0para que los precios relacionados con la inversi\u00f3n inicial de los sistemas fotovoltaicos vaya cayendo progresivamente. Como resultado del trabajo colaborativo, tanto con el gobierno como instituciones privadas, la generaci\u00f3n distribuida hoy est\u00e1 cada vez m\u00e1s al alcance de las familias y clientes de todos los segmentos, como es el comercio, con precios muy competitivos&#8221;.<\/p>\n<p>El proceso de instalaci\u00f3n de los paneles fotovoltaicos en barrio Ictinos demorar\u00e1 14 d\u00edas, para luego iniciar el proceso de autorizaci\u00f3n en la Superintendencia de Electricidad y Combustible SEC.<\/p>\n<p>Fuente:\u00a0<a href=\"http:\/\/www.barrioscomercialeschile.cl\/Noticias\/Paginas\/XIII\/Barrio-Ictinos-de-Pe%C3%B1alol%C3%A9n-busca-convertirse-en-el-primer-barrio-comercial-autosustentable-de-Chile.aspx?region=null&amp;centro=Ictinos&amp;fecha=null\">http:\/\/www.barrioscomercialeschile.cl<\/a><\/p>\n","protected":false},"excerpt":{"rendered":"<p>A trav\u00e9s del Programa Fortalecimiento de Barrios Comerciales de Sercotec, 14 locales comerciales tendr\u00e1n paneles fotovoltaicos lo que significar\u00e1 un ahorro energ\u00e9tico mensual cercano a un 23%. Ser el primer barrio comercial autosustentable de Chile, es a lo que aspira convertirse el Barrio Ictinos de Pe\u00f1alol\u00e9n, compuesto por 35 microempresarios que, a trav\u00e9s del trabajo [&hellip;]<\/p>\n","protected":false},"author":3,"featured_media":2446,"comment_status":"open","ping_status":"open","sticky":false,"template":"","format":"standard","meta":{"footnotes":""},"categories":[3],"tags":[],"class_list":["post-2445","post","type-post","status-publish","format-standard","has-post-thumbnail","hentry","category-noticias"],"_links":{"self":[{"href":"https:\/\/autoconsumo.minenergia.cl\/index.php?rest_route=\/wp\/v2\/posts\/2445","targetHints":{"allow":["GET"]}}],"collection":[{"href":"https:\/\/autoconsumo.minenergia.cl\/index.php?rest_route=\/wp\/v2\/posts"}],"about":[{"href":"https:\/\/autoconsumo.minenergia.cl\/index.php?rest_route=\/wp\/v2\/types\/post"}],"author":[{"embeddable":true,"href":"https:\/\/autoconsumo.minenergia.cl\/index.php?rest_route=\/wp\/v2\/users\/3"}],"replies":[{"embeddable":true,"href":"https:\/\/autoconsumo.minenergia.cl\/index.php?rest_route=%2Fwp%2Fv2%2Fcomments&post=2445"}],"version-history":[{"count":2,"href":"https:\/\/autoconsumo.minenergia.cl\/index.php?rest_route=\/wp\/v2\/posts\/2445\/revisions"}],"predecessor-version":[{"id":2448,"href":"https:\/\/autoconsumo.minenergia.cl\/index.php?rest_route=\/wp\/v2\/posts\/2445\/revisions\/2448"}],"wp:featuredmedia":[{"embeddable":true,"href":"https:\/\/autoconsumo.minenergia.cl\/index.php?rest_route=\/wp\/v2\/media\/2446"}],"wp:attachment":[{"href":"https:\/\/autoconsumo.minenergia.cl\/index.php?rest_route=%2Fwp%2Fv2%2Fmedia&parent=2445"}],"wp:term":[{"taxonomy":"category","embeddable":true,"href":"https:\/\/autoconsumo.minenergia.cl\/index.php?rest_route=%2Fwp%2Fv2%2Fcategories&post=2445"},{"taxonomy":"post_tag","embeddable":true,"href":"https:\/\/autoconsumo.minenergia.cl\/index.php?rest_route=%2Fwp%2Fv2%2Ftags&post=2445"}],"curies":[{"name":"wp","href":"https:\/\/api.w.org\/{rel}","templated":true}]}}