{"id":2454,"date":"2018-07-19T13:37:02","date_gmt":"2018-07-19T13:37:02","guid":{"rendered":"http:\/\/www.minenergia.cl\/autoconsumo\/?p=2454"},"modified":"2018-07-19T13:42:27","modified_gmt":"2018-07-19T13:42:27","slug":"llamado-en-condiciones-especiales-pppf-minvu-proyectos-de-mejoramiento-de-la-vivienda-obras-de-eficiencia-energetica","status":"publish","type":"post","link":"https:\/\/autoconsumo.minenergia.cl\/?p=2454","title":{"rendered":"Llamado en condiciones especiales PPPF MINVU \u2013 Proyectos de mejoramiento de la vivienda (obras de eficiencia energ\u00e9tica y energ\u00edas renovables)"},"content":{"rendered":"<p><img loading=\"lazy\" decoding=\"async\" class=\"alignnone size-full wp-image-2455\" src=\"https:\/\/autoconsumo.minenergia.cl\/wp-content\/uploads\/2018\/07\/minvu.jpg\" alt=\"\" width=\"171\" height=\"171\" srcset=\"https:\/\/autoconsumo.minenergia.cl\/wp-content\/uploads\/2018\/07\/minvu.jpg 171w, https:\/\/autoconsumo.minenergia.cl\/wp-content\/uploads\/2018\/07\/minvu-150x150.jpg 150w\" sizes=\"auto, (max-width: 171px) 100vw, 171px\" \/><\/p>\n<p><u>Postulaciones:<\/u> El cierre de las postulaciones para este llamado en condiciones especiales es septiembre de 2018. Solo podr\u00e1n postular de esta selecci\u00f3n las familias con proyectos calificados hasta el \u00faltimo d\u00eda h\u00e1bil del mes correspondiente al cierre de la postulaci\u00f3n. Esto quiere decir que los proyectos deben ser ingresado al Serviu de cada regi\u00f3n a m\u00e1s tardar en julio del a\u00f1o en curso.<\/p>\n<p><u>Financiamiento:<\/u><\/p>\n<p>&#8211; Colectores Solares (Sistemas Solares T\u00e9rmicos) y Paneles Fotovoltaicos. Participan todas las regiones excepto Arica y Parinacota, Ays\u00e9n y Magallanes.<\/p>\n<p>&#8211; Obras de Acondicionamiento T\u00e9rmicos de la Vivienda. Participan las regiones del Maule, B\u00edo B\u00edo, Araucan\u00eda, Los R\u00edos, Los Lagos y Ays\u00e9n.<\/p>\n<p>&#8211; Obras de Acondicionamiento T\u00e9rmicos de la Vivienda para casas o departamentos que se encuentren en zonas vinculadas a los Planes de Descontaminaci\u00f3n Atmosf\u00e9rica (PDA). Participan las regiones de O\u00b4Higgins (solo comunas de la zona t\u00e9rmica N\u00b03), Maule, B\u00edo B\u00edo, Araucan\u00eda, Los R\u00edos, Los Lagos y Ays\u00e9n.<\/p>\n<p>Para m\u00e1s informaci\u00f3n <a href=\"http:\/\/beneficios.minvu.gob.cl\/proyectos-de-mejoramiento-de-la-vivienda-obras-de-eficiencia-energetica\/\">http:\/\/beneficios.minvu.gob.cl\/<\/a><\/p>\n","protected":false},"excerpt":{"rendered":"<p>Postulaciones: El cierre de las postulaciones para este llamado en condiciones especiales es septiembre de 2018. Solo podr\u00e1n postular de esta selecci\u00f3n las familias con proyectos calificados hasta el \u00faltimo d\u00eda h\u00e1bil del mes correspondiente al cierre de la postulaci\u00f3n. Esto quiere decir que los proyectos deben ser ingresado al Serviu de cada regi\u00f3n a [&hellip;]<\/p>\n","protected":false},"author":3,"featured_media":2458,"comment_status":"open","ping_status":"open","sticky":false,"template":"","format":"standard","meta":{"footnotes":""},"categories":[3],"tags":[],"class_list":["post-2454","post","type-post","status-publish","format-standard","has-post-thumbnail","hentry","category-noticias"],"_links":{"self":[{"href":"https:\/\/autoconsumo.minenergia.cl\/index.php?rest_route=\/wp\/v2\/posts\/2454","targetHints":{"allow":["GET"]}}],"collection":[{"href":"https:\/\/autoconsumo.minenergia.cl\/index.php?rest_route=\/wp\/v2\/posts"}],"about":[{"href":"https:\/\/autoconsumo.minenergia.cl\/index.php?rest_route=\/wp\/v2\/types\/post"}],"author":[{"embeddable":true,"href":"https:\/\/autoconsumo.minenergia.cl\/index.php?rest_route=\/wp\/v2\/users\/3"}],"replies":[{"embeddable":true,"href":"https:\/\/autoconsumo.minenergia.cl\/index.php?rest_route=%2Fwp%2Fv2%2Fcomments&post=2454"}],"version-history":[{"count":2,"href":"https:\/\/autoconsumo.minenergia.cl\/index.php?rest_route=\/wp\/v2\/posts\/2454\/revisions"}],"predecessor-version":[{"id":2459,"href":"https:\/\/autoconsumo.minenergia.cl\/index.php?rest_route=\/wp\/v2\/posts\/2454\/revisions\/2459"}],"wp:featuredmedia":[{"embeddable":true,"href":"https:\/\/autoconsumo.minenergia.cl\/index.php?rest_route=\/wp\/v2\/media\/2458"}],"wp:attachment":[{"href":"https:\/\/autoconsumo.minenergia.cl\/index.php?rest_route=%2Fwp%2Fv2%2Fmedia&parent=2454"}],"wp:term":[{"taxonomy":"category","embeddable":true,"href":"https:\/\/autoconsumo.minenergia.cl\/index.php?rest_route=%2Fwp%2Fv2%2Fcategories&post=2454"},{"taxonomy":"post_tag","embeddable":true,"href":"https:\/\/autoconsumo.minenergia.cl\/index.php?rest_route=%2Fwp%2Fv2%2Ftags&post=2454"}],"curies":[{"name":"wp","href":"https:\/\/api.w.org\/{rel}","templated":true}]}}