{"id":2466,"date":"2018-07-24T21:13:36","date_gmt":"2018-07-24T21:13:36","guid":{"rendered":"http:\/\/www.minenergia.cl\/autoconsumo\/?p=2466"},"modified":"2018-07-24T21:21:58","modified_gmt":"2018-07-24T21:21:58","slug":"la-energia-geotermica-puede-sustituir-el-uso-de-lena-y-aportar-verduras-frescas-a-aysen","status":"publish","type":"post","link":"https:\/\/autoconsumo.minenergia.cl\/?p=2466","title":{"rendered":"La energ\u00eda geot\u00e9rmica puede sustituir el uso de le\u00f1a y aportar verduras frescas a Ays\u00e9n"},"content":{"rendered":"<p>Proyectos como invernaderos y una escuela calefaccionados usando el calor de la Tierra podr\u00edan replicarse en la regi\u00f3n.<\/p>\n<p><img loading=\"lazy\" decoding=\"async\" class=\"alignnone size-full wp-image-2467\" src=\"https:\/\/autoconsumo.minenergia.cl\/wp-content\/uploads\/2018\/07\/cega.jpg\" alt=\"\" width=\"531\" height=\"441\" srcset=\"https:\/\/autoconsumo.minenergia.cl\/wp-content\/uploads\/2018\/07\/cega.jpg 531w, https:\/\/autoconsumo.minenergia.cl\/wp-content\/uploads\/2018\/07\/cega-300x249.jpg 300w\" sizes=\"auto, (max-width: 531px) 100vw, 531px\" \/><\/p>\n<p>(El Mercurio) No importa que nieve o que la temperatura baje de 0\u00b0, en el invernadero geot\u00e9rmico del Centro de Educaci\u00f3n y Trabajo Valle Verde que Gendarmer\u00eda tiene en Puerto Ays\u00e9n, los internos en rehabilitaci\u00f3n social cultivan lechugas de distintas variedades, zapallos, tomates y otras hortalizas.<br \/>\nLa semana pasada, este proyecto piloto -impulsado por el Centro de Excelencia en Geotermia de Los Andes (CEGA) y financiado por el Gobierno Regional de Ays\u00e9n a trav\u00e9s del Fondo de Innovaci\u00f3n para la Competitividad- fue galardonado en la categor\u00eda Mejor Proyecto de Impacto Social y Medioambiental durante la conferencia GEOLAC 2018, en M\u00e9xico. El evento es una cumbre p\u00fablico-privada de la industria geot\u00e9rmica de Latinoam\u00e9rica y el Caribe, impulsada por el Banco Mundial y el BID.<\/p>\n<p>El invernadero de 150 m {+2} aprovecha el calor de la Tierra para mantener una temperatura adecuada (ver recuadro). \u201cLa gran ventaja del sistema es que se trata de una energ\u00eda renovable, limpia y cuyo costo de operaci\u00f3n es competitivo, porque es muy parecido al de la le\u00f1a seca\u201d, destaca Mauricio Mu\u00f1oz, coordinador del proyecto e investigador del CEGA, un centro de la Facultad de Ciencias F\u00edsicas y Matem\u00e1ticas de la U. de Chile.<\/p>\n<p><img loading=\"lazy\" decoding=\"async\" class=\"alignnone size-full wp-image-2468\" src=\"https:\/\/autoconsumo.minenergia.cl\/wp-content\/uploads\/2018\/07\/calor-subterraneo.jpg\" alt=\"\" width=\"815\" height=\"488\" srcset=\"https:\/\/autoconsumo.minenergia.cl\/wp-content\/uploads\/2018\/07\/calor-subterraneo.jpg 815w, https:\/\/autoconsumo.minenergia.cl\/wp-content\/uploads\/2018\/07\/calor-subterraneo-300x180.jpg 300w, https:\/\/autoconsumo.minenergia.cl\/wp-content\/uploads\/2018\/07\/calor-subterraneo-768x460.jpg 768w, https:\/\/autoconsumo.minenergia.cl\/wp-content\/uploads\/2018\/07\/calor-subterraneo-660x395.jpg 660w\" sizes=\"auto, (max-width: 815px) 100vw, 815px\" \/><\/p>\n<p>En vez de le\u00f1a, el costo se refleja en la cuenta de electricidad, necesaria para activar los compresores que concentran y transportan calor.<\/p>\n<p>En Valle Verde \u201chan podido aumentar la productividad de hortalizas en invierno, rompiendo la estacionalidad de nuestro clima\u201d, dice Juan Luis Amen\u00e1bar, seremi de Energ\u00eda de Ays\u00e9n, quien se\u00f1ala que junto a la Seremi de Agricultura est\u00e1n viendo c\u00f3mo apoyar a pymes para replicar el uso de invernaderos geot\u00e9rmicos como este en la regi\u00f3n.<\/p>\n<p>Pero considerando que seg\u00fan un estudio de la OMS Coyhaique es la ciudad m\u00e1s contaminada de Am\u00e9rica, esta alternativa energ\u00e9tica es vista tambi\u00e9n con entusiasmo, \u201ccomo una forma de avanzar en la \u2018Ruta Energ\u00e9tica\u2019 de la regi\u00f3n, que contempla impulsar el uso de energ\u00edas bajas en emisiones\u201d, dice Amen\u00e1bar.<\/p>\n<p>La energ\u00eda geot\u00e9rmica es una opci\u00f3n para zonas como Chile, que se ubican en los l\u00edmites de placas tect\u00f3nicas, donde el calor est\u00e1 m\u00e1s cerca de la superficie. Pero el nuestro es el pa\u00eds con el mayor potencial geot\u00e9rmico no aprovechado del planeta, seg\u00fan datos del CEGA. En la Regi\u00f3n de Ays\u00e9n eso podr\u00eda comenzar a cambiar.<\/p>\n<p>En Coyhaique, el CEGA est\u00e1 desarrollando otros dos proyectos con energ\u00eda geot\u00e9rmica.<\/p>\n<p>Junto al Centro de Energ\u00eda y la Fac. de Ingenier\u00eda Forestal de la U. de Chile trabajan en un centro de acopio y secado de le\u00f1a que con el calor remanente permitir\u00e1 calefaccionar un invernadero de hortalizas hidrop\u00f3nicas de 200 m {+2} .<\/p>\n<p>Y en 2019 reemplazar\u00e1n la calefacci\u00f3n a le\u00f1a de la Escuela Altos del Mackay por una central de calor geot\u00e9rmica que entregar\u00e1 calor a 300 alumnos en 11 salas, dice Mu\u00f1oz.<\/p>\n<p>El seremi espera que \u201cestas experiencias sienten la base para que otras instituciones, como colegios y hospitales, puedan incorporar esta tecnolog\u00eda\u201d.<\/p>\n<p>Fuente: <a href=\"http:\/\/impresa.elmercurio.com\/Pages\/NewsDetail.aspx?dt=24-07-2018%200:00:00&amp;NewsID=585955&amp;dtB=24-07-2018%200:00:00&amp;BodyID=1&amp;PaginaId=10\" target=\"_blank\" rel=\"noopener noreferrer\">http:\/\/impresa.elmercurio.com\/<\/a><\/p>\n","protected":false},"excerpt":{"rendered":"<p>Proyectos como invernaderos y una escuela calefaccionados usando el calor de la Tierra podr\u00edan replicarse en la regi\u00f3n. (El Mercurio) No importa que nieve o que la temperatura baje de 0\u00b0, en el invernadero geot\u00e9rmico del Centro de Educaci\u00f3n y Trabajo Valle Verde que Gendarmer\u00eda tiene en Puerto Ays\u00e9n, los internos en rehabilitaci\u00f3n social cultivan [&hellip;]<\/p>\n","protected":false},"author":3,"featured_media":2467,"comment_status":"open","ping_status":"open","sticky":false,"template":"","format":"standard","meta":{"footnotes":""},"categories":[3],"tags":[],"class_list":["post-2466","post","type-post","status-publish","format-standard","has-post-thumbnail","hentry","category-noticias"],"_links":{"self":[{"href":"https:\/\/autoconsumo.minenergia.cl\/index.php?rest_route=\/wp\/v2\/posts\/2466","targetHints":{"allow":["GET"]}}],"collection":[{"href":"https:\/\/autoconsumo.minenergia.cl\/index.php?rest_route=\/wp\/v2\/posts"}],"about":[{"href":"https:\/\/autoconsumo.minenergia.cl\/index.php?rest_route=\/wp\/v2\/types\/post"}],"author":[{"embeddable":true,"href":"https:\/\/autoconsumo.minenergia.cl\/index.php?rest_route=\/wp\/v2\/users\/3"}],"replies":[{"embeddable":true,"href":"https:\/\/autoconsumo.minenergia.cl\/index.php?rest_route=%2Fwp%2Fv2%2Fcomments&post=2466"}],"version-history":[{"count":4,"href":"https:\/\/autoconsumo.minenergia.cl\/index.php?rest_route=\/wp\/v2\/posts\/2466\/revisions"}],"predecessor-version":[{"id":2479,"href":"https:\/\/autoconsumo.minenergia.cl\/index.php?rest_route=\/wp\/v2\/posts\/2466\/revisions\/2479"}],"wp:featuredmedia":[{"embeddable":true,"href":"https:\/\/autoconsumo.minenergia.cl\/index.php?rest_route=\/wp\/v2\/media\/2467"}],"wp:attachment":[{"href":"https:\/\/autoconsumo.minenergia.cl\/index.php?rest_route=%2Fwp%2Fv2%2Fmedia&parent=2466"}],"wp:term":[{"taxonomy":"category","embeddable":true,"href":"https:\/\/autoconsumo.minenergia.cl\/index.php?rest_route=%2Fwp%2Fv2%2Fcategories&post=2466"},{"taxonomy":"post_tag","embeddable":true,"href":"https:\/\/autoconsumo.minenergia.cl\/index.php?rest_route=%2Fwp%2Fv2%2Ftags&post=2466"}],"curies":[{"name":"wp","href":"https:\/\/api.w.org\/{rel}","templated":true}]}}