{"id":2482,"date":"2018-07-25T13:08:40","date_gmt":"2018-07-25T13:08:40","guid":{"rendered":"http:\/\/www.minenergia.cl\/autoconsumo\/?p=2482"},"modified":"2018-07-25T13:08:40","modified_gmt":"2018-07-25T13:08:40","slug":"acera-y-techo-chile-presentan-proyecto-barrio-del-sol","status":"publish","type":"post","link":"https:\/\/autoconsumo.minenergia.cl\/?p=2482","title":{"rendered":"Acera y Techo Chile presentan proyecto \u201cBarrio del Sol\u201d"},"content":{"rendered":"<p>Acera y Techo Chile firmaron recientemente un convenio de colaboraci\u00f3n para trabajar en conjunto el primer proyecto de viviendas definitivas sustentables.<\/p>\n<p><img loading=\"lazy\" decoding=\"async\" class=\"alignnone size-full wp-image-2483\" src=\"https:\/\/autoconsumo.minenergia.cl\/wp-content\/uploads\/2018\/07\/barrio-del-sol.jpg\" alt=\"\" width=\"500\" height=\"317\" srcset=\"https:\/\/autoconsumo.minenergia.cl\/wp-content\/uploads\/2018\/07\/barrio-del-sol.jpg 500w, https:\/\/autoconsumo.minenergia.cl\/wp-content\/uploads\/2018\/07\/barrio-del-sol-300x190.jpg 300w\" sizes=\"auto, (max-width: 500px) 100vw, 500px\" \/><\/p>\n<p>En el marco del reciente convenio de colaboraci\u00f3n firmado por la Asociaci\u00f3n Chilena de Energ\u00edas Renovables y Almacenamiento AG. (ACERA) y Techo-Chile (TECHO) para trabajar de forma colaborativa en el proyecto \u201cBarrios de Sol\u201d, se organiz\u00f3 una reuni\u00f3n informativa para presentar a las empresas del sector renovable los detalles de esta importante iniciativa y sumar as\u00ed nuevos aliados.<\/p>\n<p>\u201cBarrios de Sol\u201d es un proyecto que consistir\u00e1 en la entrega de viviendas definitivas con paneles fotovoltaicos y altos est\u00e1ndares de eficiencia energ\u00e9tica, que ser\u00e1n una contribuci\u00f3n para las familias en la disminuci\u00f3n de los costos en la cuenta de energ\u00eda, aportando tambi\u00e9n al t\u00e9rmino de la pobreza energ\u00e9tica del pa\u00eds.<\/p>\n<p>El primer \u201cBarrio del Sol\u201d, que se ha denominado \u201cSol de Polpaico\u201d, estar\u00e1 compuesto por 130 viviendas y se ubicar\u00e1 en la comuna de Til Til. Esta primera aventura tendr\u00e1 como uno de sus principales objetivos entregar viviendas definitivas con certificaci\u00f3n energ\u00e9tica tipo B, un gran salto si consideramos que actualmente el est\u00e1ndar es Tipo E.<\/p>\n<p>\u201cEstamos apostando por proyectos que avancen en la l\u00ednea de la sustentabilidad, ya que la pobreza no solo se expresa en la precariedad de la vivienda y para este proceso el rubro energ\u00e9tico es de vital importancia\u201d, se\u00f1al\u00f3 Sebasti\u00e1n Bowen, Director Ejecutivo de TECHO tras la actividad.<\/p>\n<p>Por su parte, Carlos Finat, Director Ejecutivo de ACERA, agreg\u00f3 que \u201cpara nosotros es muy importante ser parte de este proceso. Nuestra asociaci\u00f3n es una entidad que aboga por una matriz energ\u00e9tica m\u00e1s limpia, un pa\u00eds y un planeta m\u00e1s sustentable, pero tambi\u00e9n en el bienestar general de las personas. En esa l\u00ednea, aportar tambi\u00e9n, de alguna medida, en la disminuci\u00f3n de la pobreza energ\u00e9tica nos pone muy contentos\u201d.<\/p>\n<p>En la actividad, realizada en el Auditorio del estudio de abogados Guerrero Olivos, participaron m\u00e1s de 20 empresas del sector renovable, todas socias de ACERA, adem\u00e1s de otras entidades interesadas en aportar al proyecto, como el Ministerio de Energ\u00eda, la Agencia Chilena de Eficiencia Energ\u00e9tica \u2013 AChEE, la C\u00e1mara de Cooperaci\u00f3n Alemana \u2013 GIZ y Fundaci\u00f3n Imagen de Chile \u2013 Marca Chile, entre otros.<\/p>\n<p>Fuente:\u00a0<a href=\"http:\/\/www.portalminero.com\/pages\/viewpage.action?pageId=154541687\">http:\/\/www.portalminero.com<\/a><\/p>\n<p>Otras noticias relacionadas:\u00a0<a href=\"https:\/\/autoconsumo.minenergia.cl\/?p=2073\">ACERA y TECHO-Chile firman convenio de colaboraci\u00f3n<\/a><\/p>\n<p>&nbsp;<\/p>\n<p>&nbsp;<\/p>\n","protected":false},"excerpt":{"rendered":"<p>Acera y Techo Chile firmaron recientemente un convenio de colaboraci\u00f3n para trabajar en conjunto el primer proyecto de viviendas definitivas sustentables. En el marco del reciente convenio de colaboraci\u00f3n firmado por la Asociaci\u00f3n Chilena de Energ\u00edas Renovables y Almacenamiento AG. (ACERA) y Techo-Chile (TECHO) para trabajar de forma colaborativa en el proyecto \u201cBarrios de Sol\u201d, [&hellip;]<\/p>\n","protected":false},"author":3,"featured_media":2483,"comment_status":"open","ping_status":"open","sticky":false,"template":"","format":"standard","meta":{"footnotes":""},"categories":[3],"tags":[],"class_list":["post-2482","post","type-post","status-publish","format-standard","has-post-thumbnail","hentry","category-noticias"],"_links":{"self":[{"href":"https:\/\/autoconsumo.minenergia.cl\/index.php?rest_route=\/wp\/v2\/posts\/2482","targetHints":{"allow":["GET"]}}],"collection":[{"href":"https:\/\/autoconsumo.minenergia.cl\/index.php?rest_route=\/wp\/v2\/posts"}],"about":[{"href":"https:\/\/autoconsumo.minenergia.cl\/index.php?rest_route=\/wp\/v2\/types\/post"}],"author":[{"embeddable":true,"href":"https:\/\/autoconsumo.minenergia.cl\/index.php?rest_route=\/wp\/v2\/users\/3"}],"replies":[{"embeddable":true,"href":"https:\/\/autoconsumo.minenergia.cl\/index.php?rest_route=%2Fwp%2Fv2%2Fcomments&post=2482"}],"version-history":[{"count":1,"href":"https:\/\/autoconsumo.minenergia.cl\/index.php?rest_route=\/wp\/v2\/posts\/2482\/revisions"}],"predecessor-version":[{"id":2484,"href":"https:\/\/autoconsumo.minenergia.cl\/index.php?rest_route=\/wp\/v2\/posts\/2482\/revisions\/2484"}],"wp:featuredmedia":[{"embeddable":true,"href":"https:\/\/autoconsumo.minenergia.cl\/index.php?rest_route=\/wp\/v2\/media\/2483"}],"wp:attachment":[{"href":"https:\/\/autoconsumo.minenergia.cl\/index.php?rest_route=%2Fwp%2Fv2%2Fmedia&parent=2482"}],"wp:term":[{"taxonomy":"category","embeddable":true,"href":"https:\/\/autoconsumo.minenergia.cl\/index.php?rest_route=%2Fwp%2Fv2%2Fcategories&post=2482"},{"taxonomy":"post_tag","embeddable":true,"href":"https:\/\/autoconsumo.minenergia.cl\/index.php?rest_route=%2Fwp%2Fv2%2Ftags&post=2482"}],"curies":[{"name":"wp","href":"https:\/\/api.w.org\/{rel}","templated":true}]}}