{"id":2485,"date":"2018-07-25T13:21:40","date_gmt":"2018-07-25T13:21:40","guid":{"rendered":"http:\/\/www.minenergia.cl\/autoconsumo\/?p=2485"},"modified":"2018-07-25T13:28:03","modified_gmt":"2018-07-25T13:28:03","slug":"estudiantes-de-inacap-del-area-electricidad-y-electronica-asisten-a-charlas-sobre-energias-renovables","status":"publish","type":"post","link":"https:\/\/autoconsumo.minenergia.cl\/?p=2485","title":{"rendered":"Estudiantes de INACAP del \u00c1rea Electricidad y Electr\u00f3nica asisten a charlas sobre Energ\u00edas Renovables"},"content":{"rendered":"<p><img loading=\"lazy\" decoding=\"async\" class=\"alignnone wp-image-2486\" src=\"https:\/\/autoconsumo.minenergia.cl\/wp-content\/uploads\/2018\/07\/inacao.jpg\" alt=\"\" width=\"304\" height=\"243\" \/><\/p>\n<p>M\u00e1s de 40 estudiantes participaron en dos talleres organizados por el\u00a0<strong>\u00c1rea\u00a0Electricidad\u00a0y Electr\u00f3nico,\u00a0<\/strong>con apoyo del Centro de Desarrollo MyPE de\u00a0INACAP Santiago Sur.<\/p>\n<p>El primer curso\u00a0 se denomin\u00f3 \u201chttp:\/\/www.inacap.cl\/tportalvp\/electricidad-y-electronicaPerfiles de proyectos para generaci\u00f3n distribuida renovable de peque\u00f1a escala\u201d, dictado por Alberto Ortega\u201d, profesional de la Divisi\u00f3n de Energ\u00edas Renovables del Ministerio de Energ\u00eda.<\/p>\n<p>Mientars que el segundo, se llam\u00f3 \u201cTaller de Operaci\u00f3n y Mantenimiento de sistemas fotovoltaicos conectados a red\u201d, el cual estuvo a cargo de Guillermo Soto, Jefe del Programa Techos Solares P\u00fablicos de la Divisi\u00f3n Energ\u00edas Renovables del Ministerio de Energ\u00eda.<\/p>\n<p>El objetivo de la iniciativa\u00a0 fue capacitar a los estudiantes de las carreras de\u00a0<strong>Ingenier\u00eda en Electricidad menci\u00f3n Potencia\u00a0<\/strong>y de\u00a0Ingenier\u00eda en Electricidad menci\u00f3n Proyectos de Instalaciones El\u00e9ctricas\u00a0de la Universidad Tecnol\u00f3gica de Chile INACAP, algunos de ellos, Consejeros del Centro del Desarrollo MyPE.<\/p>\n<p>Cabe destacar la participaci\u00f3n del acad\u00e9mico\u00a0 del Centro Franco Chileno de Eficiencia Energ\u00e9tica durante el segundo taller<\/p>\n","protected":false},"excerpt":{"rendered":"<p>M\u00e1s de 40 estudiantes participaron en dos talleres organizados por el\u00a0\u00c1rea\u00a0Electricidad\u00a0y Electr\u00f3nico,\u00a0con apoyo del Centro de Desarrollo MyPE de\u00a0INACAP Santiago Sur. El primer curso\u00a0 se denomin\u00f3 \u201chttp:\/\/www.inacap.cl\/tportalvp\/electricidad-y-electronicaPerfiles de proyectos para generaci\u00f3n distribuida renovable de peque\u00f1a escala\u201d, dictado por Alberto Ortega\u201d, profesional de la Divisi\u00f3n de Energ\u00edas Renovables del Ministerio de Energ\u00eda. Mientars que el segundo, [&hellip;]<\/p>\n","protected":false},"author":3,"featured_media":2488,"comment_status":"open","ping_status":"open","sticky":false,"template":"","format":"standard","meta":{"footnotes":""},"categories":[3],"tags":[],"class_list":["post-2485","post","type-post","status-publish","format-standard","has-post-thumbnail","hentry","category-noticias"],"_links":{"self":[{"href":"https:\/\/autoconsumo.minenergia.cl\/index.php?rest_route=\/wp\/v2\/posts\/2485","targetHints":{"allow":["GET"]}}],"collection":[{"href":"https:\/\/autoconsumo.minenergia.cl\/index.php?rest_route=\/wp\/v2\/posts"}],"about":[{"href":"https:\/\/autoconsumo.minenergia.cl\/index.php?rest_route=\/wp\/v2\/types\/post"}],"author":[{"embeddable":true,"href":"https:\/\/autoconsumo.minenergia.cl\/index.php?rest_route=\/wp\/v2\/users\/3"}],"replies":[{"embeddable":true,"href":"https:\/\/autoconsumo.minenergia.cl\/index.php?rest_route=%2Fwp%2Fv2%2Fcomments&post=2485"}],"version-history":[{"count":1,"href":"https:\/\/autoconsumo.minenergia.cl\/index.php?rest_route=\/wp\/v2\/posts\/2485\/revisions"}],"predecessor-version":[{"id":2487,"href":"https:\/\/autoconsumo.minenergia.cl\/index.php?rest_route=\/wp\/v2\/posts\/2485\/revisions\/2487"}],"wp:featuredmedia":[{"embeddable":true,"href":"https:\/\/autoconsumo.minenergia.cl\/index.php?rest_route=\/wp\/v2\/media\/2488"}],"wp:attachment":[{"href":"https:\/\/autoconsumo.minenergia.cl\/index.php?rest_route=%2Fwp%2Fv2%2Fmedia&parent=2485"}],"wp:term":[{"taxonomy":"category","embeddable":true,"href":"https:\/\/autoconsumo.minenergia.cl\/index.php?rest_route=%2Fwp%2Fv2%2Fcategories&post=2485"},{"taxonomy":"post_tag","embeddable":true,"href":"https:\/\/autoconsumo.minenergia.cl\/index.php?rest_route=%2Fwp%2Fv2%2Ftags&post=2485"}],"curies":[{"name":"wp","href":"https:\/\/api.w.org\/{rel}","templated":true}]}}