{"id":2498,"date":"2018-07-26T19:31:44","date_gmt":"2018-07-26T19:31:44","guid":{"rendered":"http:\/\/www.minenergia.cl\/autoconsumo\/?p=2498"},"modified":"2018-07-26T19:32:36","modified_gmt":"2018-07-26T19:32:36","slug":"subsecretario-de-energia-da-el-vamos-en-iquique-a-programa-de-formacion-de-tecnicos-en-energia-solar","status":"publish","type":"post","link":"https:\/\/autoconsumo.minenergia.cl\/?p=2498","title":{"rendered":"Subsecretario de Energ\u00eda da el vamos en Iquique a programa de formaci\u00f3n de t\u00e9cnicos en energ\u00eda solar"},"content":{"rendered":"<p>Este nuevo programa se implementar\u00e1 en el Liceo Polit\u00e9cnico Jos\u00e9 Guti\u00e9rrez de la Fuente de Iquique, primer establecimiento a nivel nacional en recibir este beneficio.<\/p>\n<p>El subsecretario de Energ\u00eda, Ricardo Irarr\u00e1zabal,\u00a0junto al\u00a0intendente de la Regi\u00f3n de Tarapac\u00e1, Miguel \u00c1ngel Quezada\u00a0y el\u00a0alcalde de la Ilustre Municipalidad de Iquique, Mauricio Soria,entregaron a los alumnos y docentes del\u00a0Liceo Polit\u00e9cnico\u00a0los beneficios del\u00a0programa de capacitaci\u00f3n fotovoltaica\u00a0para establecimientos de educaci\u00f3n media t\u00e9cnico profesional.<\/p>\n<p>Esta iniciativa del\u00a0Ministerio de Energ\u00eda,\u00a0con el apoyo t\u00e9cnico del\u00a0Ministerio de Educaci\u00f3n\u00a0y la\u00a0Superintendencia de Electricidad y Combustible (SEC), busca fortalecer el curr\u00edculo de la\u00a0especialidad de electricidad,\u00a0incorporando la tem\u00e1tica fotovoltaica e incluyendo la capacitaci\u00f3n de docentes respecto al dise\u00f1o, instalaci\u00f3n y mantenci\u00f3n de\u00a0sistemas fotovoltaicos y sus regulaciones.<\/p>\n<p>\u201cEs un privilegio apoyar proyectos que permitan que los alumnos puedan aprender y capacitarse en\u00a0Energ\u00eda Renovable,\u00a0sobre todo en esta regi\u00f3n que tiene un gran potencial en energ\u00eda solar, pero nos faltan personas capacitadas y creemos que con este tipo de proyectos los alumnos\u00a0van a poder recibir la formaci\u00f3n adecuada\u00a0para que sean ellos, quienes viven en Tarapac\u00e1, los que brinden el apoyo t\u00e9cnico que se necesita\u201d, explic\u00f3 el\u00a0subsecretario de Energ\u00eda, Ricardo Irarr\u00e1zabal.<\/p>\n<p><a title=\"Intendente Quezada y subsecretario de Energ\u00eda, Ricardo Irarr\u00e1zaval dieron inicio al programa de capacitaci\u00f3n para incentivar el aumento de t\u00e9cnicos en energ\u00eda solar fotovoltaica y entregaron el techo solar p\u00fablico instalado en el Liceo Polit\u00e9cnico de Iqui\" href=\"https:\/\/www.flickr.com\/photos\/miguelangelquezadatarapaca\/albums\/72157669493892197\" data-flickr-embed=\"true\"><img loading=\"lazy\" decoding=\"async\" src=\"https:\/\/farm1.staticflickr.com\/844\/29766018698_0fe3e89c5a.jpg\" alt=\"Intendente Quezada y subsecretario de Energ\u00eda, Ricardo Irarr\u00e1zaval dieron inicio al programa de capacitaci\u00f3n para incentivar el aumento de t\u00e9cnicos en energ\u00eda solar fotovoltaica y entregaron el techo solar p\u00fablico instalado en el Liceo Polit\u00e9cnico de Iqui\" width=\"500\" height=\"333\" \/><\/a><\/p>\n<p>En su primera etapa,\u00a0el programa seleccion\u00f3 a 20 liceos del pa\u00eds,\u00a0desde Arica y Parinacota hasta Bio Bio, y consider\u00f3 la\u00a0implementaci\u00f3n de un laboratorio fotovoltaico,\u00a0entrega de\u00a0material docente y did\u00e1ctico\u00a0para el trabajo te\u00f3rico-pr\u00e1ctico en las salas de clase.<\/p>\n<p class=\"xmsonormal\">Por su parte,\u00a0el intendente de la Regi\u00f3n de Tarapac\u00e1, Miguel \u00c1ngel Quezada, se refiri\u00f3 a la implementaci\u00f3n del programa de formaci\u00f3n de t\u00e9cnicos en energ\u00eda solar. \u201cEs una gran noticia que comencemos por este establecimiento y que hoy mismo estemos entregando un implemento de capacitaci\u00f3n que es parte del laboratorio solar del programa. Tambi\u00e9n hemos conversado con el alcalde de Iquique, la posibilidad de abrir este hist\u00f3rico liceo al resto de la comunidad y a otras organizaciones, para que conozcan todo el proceso de generaci\u00f3n de energ\u00eda limpia, que en el caso de nuestra regi\u00f3n,\u00a0contamos con las mejores condiciones para la generaci\u00f3n de energ\u00eda fotovoltaica\u201d.<\/p>\n<p>El alcalde de la Ilustre Municipalidad de Iquique, Mauricio Soria,\u00a0se refiri\u00f3 a las extraordinarias condiciones clim\u00e1ticas que posee la regi\u00f3n. \u201cNos encontramos en una zona que posee la radiaci\u00f3n solar m\u00e1s alta a nivel mundial y esta iniciativa que benefici\u00f3 a este Liceo, que es uno de los 20 establecimientos beneficiados en todo Chile, refuerza la especialidad en electricidad y ahora los j\u00f3venes van a poder tener la particularidad de conocer la energ\u00eda solar con la implementaci\u00f3n del laboratorio y salgan mejor preparados\u201d.<\/p>\n<p>Adem\u00e1s, como una manera de asegurar que los titulados de t\u00e9cnico en electricidad obtengan sus\u00a0Licencias de Instalador El\u00e9ctrico clase D,\u00a0se apoyar\u00e1 al establecimiento durante la tramitaci\u00f3n de la aprobaci\u00f3n del\u00a0Plan y Programa de Estudios de la especialidad,\u00a0que se debe realizar ante la SEC.<\/p>\n<p>Adicional a la capacitaci\u00f3n, el\u00a0programa Techos Solares P\u00fablicos\u00a0instal\u00f3 en el Liceo un\u00a0sistema fotovoltaico de 50 kilowatt de potencia (kWp), que aportar\u00e1 el 96 % de su consumo anual, que equivalen al consumo de 42 hogares de la comuna.<\/p>\n<p>Fuente:\u00a0<a href=\"https:\/\/www.goretarapaca.gov.cl\/subsecretario-de-energia-da-el-vamos-en-iquique-a-programa-de-formacion-de-tecnicos-en-energia-solar\/\">https:\/\/www.goretarapaca.gov.cl<\/a><\/p>\n","protected":false},"excerpt":{"rendered":"<p>Este nuevo programa se implementar\u00e1 en el Liceo Polit\u00e9cnico Jos\u00e9 Guti\u00e9rrez de la Fuente de Iquique, primer establecimiento a nivel nacional en recibir este beneficio. El subsecretario de Energ\u00eda, Ricardo Irarr\u00e1zabal,\u00a0junto al\u00a0intendente de la Regi\u00f3n de Tarapac\u00e1, Miguel \u00c1ngel Quezada\u00a0y el\u00a0alcalde de la Ilustre Municipalidad de Iquique, Mauricio Soria,entregaron a los alumnos y docentes del\u00a0Liceo [&hellip;]<\/p>\n","protected":false},"author":3,"featured_media":2499,"comment_status":"open","ping_status":"open","sticky":false,"template":"","format":"standard","meta":{"footnotes":""},"categories":[3],"tags":[],"class_list":["post-2498","post","type-post","status-publish","format-standard","has-post-thumbnail","hentry","category-noticias"],"_links":{"self":[{"href":"https:\/\/autoconsumo.minenergia.cl\/index.php?rest_route=\/wp\/v2\/posts\/2498","targetHints":{"allow":["GET"]}}],"collection":[{"href":"https:\/\/autoconsumo.minenergia.cl\/index.php?rest_route=\/wp\/v2\/posts"}],"about":[{"href":"https:\/\/autoconsumo.minenergia.cl\/index.php?rest_route=\/wp\/v2\/types\/post"}],"author":[{"embeddable":true,"href":"https:\/\/autoconsumo.minenergia.cl\/index.php?rest_route=\/wp\/v2\/users\/3"}],"replies":[{"embeddable":true,"href":"https:\/\/autoconsumo.minenergia.cl\/index.php?rest_route=%2Fwp%2Fv2%2Fcomments&post=2498"}],"version-history":[{"count":1,"href":"https:\/\/autoconsumo.minenergia.cl\/index.php?rest_route=\/wp\/v2\/posts\/2498\/revisions"}],"predecessor-version":[{"id":2500,"href":"https:\/\/autoconsumo.minenergia.cl\/index.php?rest_route=\/wp\/v2\/posts\/2498\/revisions\/2500"}],"wp:featuredmedia":[{"embeddable":true,"href":"https:\/\/autoconsumo.minenergia.cl\/index.php?rest_route=\/wp\/v2\/media\/2499"}],"wp:attachment":[{"href":"https:\/\/autoconsumo.minenergia.cl\/index.php?rest_route=%2Fwp%2Fv2%2Fmedia&parent=2498"}],"wp:term":[{"taxonomy":"category","embeddable":true,"href":"https:\/\/autoconsumo.minenergia.cl\/index.php?rest_route=%2Fwp%2Fv2%2Fcategories&post=2498"},{"taxonomy":"post_tag","embeddable":true,"href":"https:\/\/autoconsumo.minenergia.cl\/index.php?rest_route=%2Fwp%2Fv2%2Ftags&post=2498"}],"curies":[{"name":"wp","href":"https:\/\/api.w.org\/{rel}","templated":true}]}}