{"id":2532,"date":"2018-08-06T15:07:36","date_gmt":"2018-08-06T15:07:36","guid":{"rendered":"http:\/\/www.minenergia.cl\/autoconsumo\/?p=2532"},"modified":"2018-08-06T15:08:34","modified_gmt":"2018-08-06T15:08:34","slug":"estos-son-los-principales-cambios-del-proyecto-de-ley-que-modifica-la-generacion-distribuida","status":"publish","type":"post","link":"https:\/\/autoconsumo.minenergia.cl\/?p=2532","title":{"rendered":"Principales cambios del proyecto de ley que modifica la generaci\u00f3n distribuida"},"content":{"rendered":"<p><img loading=\"lazy\" decoding=\"async\" class=\"alignnone size-full wp-image-2533\" src=\"https:\/\/autoconsumo.minenergia.cl\/wp-content\/uploads\/2018\/08\/electricidad-gd.jpg\" alt=\"\" width=\"620\" height=\"403\" srcset=\"https:\/\/autoconsumo.minenergia.cl\/wp-content\/uploads\/2018\/08\/electricidad-gd.jpg 620w, https:\/\/autoconsumo.minenergia.cl\/wp-content\/uploads\/2018\/08\/electricidad-gd-300x195.jpg 300w\" sizes=\"auto, (max-width: 620px) 100vw, 620px\" \/><\/p>\n<h4>El Ministerio de Energ\u00eda destac\u00f3 a Revista ELECTRICIDAD los principales puntos que considera la iniciativa que actualmente ser\u00e1 vista en la comisi\u00f3n de Hacienda de la C\u00e1mara de Diputados.<\/h4>\n<p><strong>El\u00a0<a href=\"http:\/\/www.energia.gob.cl\/\" target=\"_blank\" rel=\"noopener noreferrer\">Ministerio de Energ\u00eda<\/a><\/strong>\u00a0destac\u00f3 a Revista ELECTRICIDAD los principales puntos que tiene el proyecto\u00a0 que modifica la Ley 20.571 sobre Generaci\u00f3n Distribuida, el cual fue aprobado en la comisi\u00f3n de Miner\u00eda y Energ\u00eda de la C\u00e1mara de Diputados y que ahora deber\u00e1 ser visto por la comisi\u00f3n de Hacienda de la C\u00e1mara Baja.<\/p>\n<p>Con esto la cartera tambi\u00e9n precis\u00f3 varios puntos de la iniciativa ante versiones de prensa que han circulado hasta el momento.<\/p>\n<p>Respecto a los l\u00edmites de potencia el Ministerio encabezado por Susana Jim\u00e9nez, indic\u00f3 que\u00a0el aumento de 100 kW a 300 kW, \u201ces a la capacidad m\u00e1xima de generaci\u00f3n que pueden tener los clientes para poder acceder al derecho otorgado por esta Ley\u201d.<\/p>\n<p>\u201cEl derecho otorgado por esta ley es a inyectar los excedentes de energ\u00eda a la red de distribuci\u00f3n y recibir una compensaci\u00f3n econ\u00f3mica por ello a trav\u00e9s de un descuento en las cuentas de suministro el\u00e9ctrico. La compensaci\u00f3n econ\u00f3mica o pago por la energ\u00eda inyectada, es solo en caso que los excedentes no puedan ser descontados de las boletas y se da en tres circunstancias determinadas. Las propuestas de subir el l\u00edmite a 500 kW no prosperaron en la Comisi\u00f3n\u201d, se se\u00f1al\u00f3.<\/p>\n<p>Otro aspecto relevante del proyecto es que \u201cesta ley obliga a las distribuidoras a compensar econ\u00f3micamente a sus clientes por los excedentes de energ\u00eda que estos inyecten a la red, consistiendo dicha compensaci\u00f3n en un descuento en las cuentas de suministro el\u00e9ctrico. La compensaci\u00f3n en forma de pago se puede dar en tres circunstancias, que se aclaran a continuaci\u00f3n\u201d.<\/p>\n<p>Seg\u00fan clarificaron desde el Ministerio, los l\u00edmites de 20 kW y 50 kW para acceder a la posibilidad de pago \u201ces a la potencia conectada del cliente\u201d, mientras que el l\u00edmite de 300 kW \u201ces a la capacidad del generador y es un l\u00edmite para acceder al derecho a inyectar excedentes, no necesariamente significa que se puede acceder al pago\u201d.<\/p>\n<p>Se precis\u00f3 que \u201csolo en el caso que las compensaciones econ\u00f3micas no puedan ser descontadas de las boletas (por exceder los cargos), los clientes podr\u00e1n recibir una compensaci\u00f3n econ\u00f3mica en la forma de pago si se estos se encuentran en alguno de los siguientes casos\u201d:<\/p>\n<ul>\n<li>En el caso que las inyecciones de energ\u00eda provengan de equipamiento de generaci\u00f3n asociado a clientes residenciales con potencia conectada de hasta 20 kW.<\/li>\n<li>En el caso que las inyecciones de energ\u00eda provengan de equipamiento de generaci\u00f3n asociado a personas jur\u00eddicas sin fines de lucro con potencia conectada de hasta 50 kW.<\/li>\n<li>Los clientes que no cumplan con las condiciones anteriores, para poder optar a un pago, deber\u00e1n contar con sistemas dise\u00f1ados para el autoconsumo, vale decir, para no generar excedentes que no puedan ser descontados. En forma posterior, si estos excedentes se generan, por ejemplo, por una reducci\u00f3n en la demanda del cliente, los excedentes que no puedan ser descontados podr\u00e1n ser pagados por la empresa distribuidora.<\/li>\n<\/ul>\n<h3>Tramitaci\u00f3n<\/h3>\n<p>Los pr\u00f3ximos pasos del proyecto de Ley en el Congreso es su ingreso a la comisi\u00f3n de Hacienda de la C\u00e1mara de Diputados, desde donde deber\u00e1 pasar a votaci\u00f3n en la sala, para posteriormente ingresar a la<br \/>\nComisiones de Miner\u00eda y Energ\u00eda y de Hacienda del Senado y as\u00ed ver votado en la sala de la C\u00e1mara Alta.<\/p>\n<p>En el Ministerio tambi\u00e9n se record\u00f3 que, actualmente, se han declarado en la Superintendencia de Electricidad y Combustibles (SEC) \u201cm\u00e1s 3.000 sistemas de generaci\u00f3n bajo esta ley, equivalente a m\u00e1s de 18 MW de potencia\u201d.<\/p>\n","protected":false},"excerpt":{"rendered":"<p>El Ministerio de Energ\u00eda destac\u00f3 a Revista ELECTRICIDAD los principales puntos que considera la iniciativa que actualmente ser\u00e1 vista en la comisi\u00f3n de Hacienda de la C\u00e1mara de Diputados. El\u00a0Ministerio de Energ\u00eda\u00a0destac\u00f3 a Revista ELECTRICIDAD los principales puntos que tiene el proyecto\u00a0 que modifica la Ley 20.571 sobre Generaci\u00f3n Distribuida, el cual fue aprobado en [&hellip;]<\/p>\n","protected":false},"author":3,"featured_media":2533,"comment_status":"open","ping_status":"open","sticky":false,"template":"","format":"standard","meta":{"footnotes":""},"categories":[3],"tags":[],"class_list":["post-2532","post","type-post","status-publish","format-standard","has-post-thumbnail","hentry","category-noticias"],"_links":{"self":[{"href":"https:\/\/autoconsumo.minenergia.cl\/index.php?rest_route=\/wp\/v2\/posts\/2532","targetHints":{"allow":["GET"]}}],"collection":[{"href":"https:\/\/autoconsumo.minenergia.cl\/index.php?rest_route=\/wp\/v2\/posts"}],"about":[{"href":"https:\/\/autoconsumo.minenergia.cl\/index.php?rest_route=\/wp\/v2\/types\/post"}],"author":[{"embeddable":true,"href":"https:\/\/autoconsumo.minenergia.cl\/index.php?rest_route=\/wp\/v2\/users\/3"}],"replies":[{"embeddable":true,"href":"https:\/\/autoconsumo.minenergia.cl\/index.php?rest_route=%2Fwp%2Fv2%2Fcomments&post=2532"}],"version-history":[{"count":2,"href":"https:\/\/autoconsumo.minenergia.cl\/index.php?rest_route=\/wp\/v2\/posts\/2532\/revisions"}],"predecessor-version":[{"id":2535,"href":"https:\/\/autoconsumo.minenergia.cl\/index.php?rest_route=\/wp\/v2\/posts\/2532\/revisions\/2535"}],"wp:featuredmedia":[{"embeddable":true,"href":"https:\/\/autoconsumo.minenergia.cl\/index.php?rest_route=\/wp\/v2\/media\/2533"}],"wp:attachment":[{"href":"https:\/\/autoconsumo.minenergia.cl\/index.php?rest_route=%2Fwp%2Fv2%2Fmedia&parent=2532"}],"wp:term":[{"taxonomy":"category","embeddable":true,"href":"https:\/\/autoconsumo.minenergia.cl\/index.php?rest_route=%2Fwp%2Fv2%2Fcategories&post=2532"},{"taxonomy":"post_tag","embeddable":true,"href":"https:\/\/autoconsumo.minenergia.cl\/index.php?rest_route=%2Fwp%2Fv2%2Ftags&post=2532"}],"curies":[{"name":"wp","href":"https:\/\/api.w.org\/{rel}","templated":true}]}}