{"id":2536,"date":"2018-08-07T19:09:14","date_gmt":"2018-08-07T19:09:14","guid":{"rendered":"http:\/\/www.minenergia.cl\/autoconsumo\/?p=2536"},"modified":"2018-08-07T19:09:14","modified_gmt":"2018-08-07T19:09:14","slug":"firman-convenio-para-construccion-de-sistema-solar-para-agua-caliente-en-jardin-infantil-de-freirina","status":"publish","type":"post","link":"https:\/\/autoconsumo.minenergia.cl\/?p=2536","title":{"rendered":"Firman convenio para construcci\u00f3n de sistema solar para agua caliente en Jard\u00edn Infantil de Freirina"},"content":{"rendered":"<div><img loading=\"lazy\" decoding=\"async\" class=\"alignnone size-full wp-image-2537\" src=\"https:\/\/autoconsumo.minenergia.cl\/wp-content\/uploads\/2018\/08\/jardin-infantil-freirina.jpg\" alt=\"\" width=\"1600\" height=\"1066\" srcset=\"https:\/\/autoconsumo.minenergia.cl\/wp-content\/uploads\/2018\/08\/jardin-infantil-freirina.jpg 1600w, https:\/\/autoconsumo.minenergia.cl\/wp-content\/uploads\/2018\/08\/jardin-infantil-freirina-300x200.jpg 300w, https:\/\/autoconsumo.minenergia.cl\/wp-content\/uploads\/2018\/08\/jardin-infantil-freirina-768x512.jpg 768w, https:\/\/autoconsumo.minenergia.cl\/wp-content\/uploads\/2018\/08\/jardin-infantil-freirina-1024x682.jpg 1024w, https:\/\/autoconsumo.minenergia.cl\/wp-content\/uploads\/2018\/08\/jardin-infantil-freirina-660x440.jpg 660w\" sizes=\"auto, (max-width: 1600px) 100vw, 1600px\" \/><\/div>\n<div>En un mes m\u00e1s se concretar\u00e1 el anhelado sue\u00f1o de contar con agua caliente sanitaria para la atenci\u00f3n de los ni\u00f1os y ni\u00f1as, as\u00ed como de los funcionarios del <strong>Jard\u00edn Infantil Mi Sol de Freirina<\/strong>. Lo anterior, tras la firma de un convenio entre la empresa contratista y el Centro General de Madres, Padres y Apoderados, quienes presentaron el proyecto \u201cCon tus rayos, brindamos energ\u00eda\u201d que fue financiado por el Gobierno a trav\u00e9s de un <strong>Fondo de Acceso a la Energ\u00eda<\/strong> (FAE).<\/div>\n<div><\/div>\n<div>El FAE ejecutado a trav\u00e9s del <strong>Ministerio de Energ\u00eda<\/strong>, busca apoyar el desarrollo de alternativas de energizaci\u00f3n renovables y, en esta oportunidad, otorg\u00f3 5 millones 760 mil pesos para la instalaci\u00f3n de un sistema solar t\u00e9rmico para el jard\u00edn.<\/div>\n<div><\/div>\n<div>\u201cEl Presidente Sebasti\u00e1n Pi\u00f1era nos ha pedido a cada una de sus autoridades estar en terreno, es as\u00ed como hoy estamos visitando el Jard\u00edn Infantil Mi Sol en Freirina y, mejor a\u00fan, porque estamos participando en la firma de un convenio entre el jard\u00edn infantil y la empresa Control Rooms, en el marco de un Fondo de Acceso a la Energ\u00eda, que permitir\u00e1 a la empresa instalar en un plazo de un mes, aproximadamente, un sistema solar t\u00e9rmico que los dotar\u00e1 de agua caliente, beneficiando a m\u00e1s de 50 ni\u00f1os y ni\u00f1as de esta instituci\u00f3n educacional\u201d, afirm\u00f3 el seremi de Energ\u00eda de Atacama, Marcelo Sep\u00falveda G\u00e1rate.<\/div>\n<div><\/div>\n<div>Asimismo, la m\u00e1xima autoridad de energ\u00eda de la regi\u00f3n, sostuvo que \u201cesta gesti\u00f3n tiene directa relaci\u00f3n con el sentido social que persigue nuestra Ruta Energ\u00e9tica 2018-2022 que lidera nuestra ministra Susana Jim\u00e9nez, poniendo la energ\u00eda al servicio de las personas para mejorar su calidad de vida y qu\u00e9 mejor que beneficiar a estos ni\u00f1os y ni\u00f1as que son el futuro de Chile\u201d.<\/div>\n<div><\/div>\n<div>Por su parte, Carmen Saravia Neyra, directora (s) del jard\u00edn infantil Mi Sol, coment\u00f3 que, \u201ctras 7 a\u00f1os de existencia que tiene el jard\u00edn, donde no ten\u00edamos agua caliente, ahora se suma este proyecto que es totalmente importante para los ni\u00f1os y ni\u00f1as, para la higienizaci\u00f3n de ellos y en especial, para cuando hace mucho fr\u00edo. Y adem\u00e1s, es un aporte para nuestro planeta, porque es energ\u00eda solar, sustentable\u201d.<\/div>\n<div><\/div>\n<div>De igual modo, Jennifer Meneses Yencke, presidenta del Centro de Madres, Padres y Apoderados del jard\u00edn infantil Mi Sol, afirm\u00f3 que \u201ccon este proyecto nos quedamos m\u00e1s tranquilos porque gracias a Dios, los ni\u00f1os van a tener agua caliente, ya no los van a lavar con agua helada que igual era inc\u00f3modo para ellos y para las t\u00edas tambi\u00e9n\u201d.<\/div>\n<div><\/div>\n<div>PROYECTO<\/div>\n<div>El sistema solar t\u00e9rmico que permitir\u00e1 al Jard\u00edn Infantil Mi Sol contar con agua caliente cuenta con una tecnolog\u00eda de termosif\u00f3n, con una capacidad de 300 litros. La instalaci\u00f3n estar\u00e1 dotada de un colector solar que capta la radiaci\u00f3n solar que luego es transformada en calor y de un estanque acumulador de agua. Durante el d\u00eda, mientras el colector est\u00e1 expuesto a la radiaci\u00f3n solar, el agua contenida dentro del acumulador se ir\u00e1 calentando lentamente, y actuar\u00e1 como una bater\u00eda que almacena energ\u00eda, en este caso en forma de agua caliente, que estar\u00e1 disponible para ser utilizada en cualquier momento.<\/div>\n<div><\/div>\n<div>Fuente:\u00a0<a href=\"http:\/\/www.radioceleste.cl\/2018\/08\/firman-convenio-para-concretar.html\">http:\/\/www.radioceleste.cl<\/a><\/div>\n","protected":false},"excerpt":{"rendered":"<p>En un mes m\u00e1s se concretar\u00e1 el anhelado sue\u00f1o de contar con agua caliente sanitaria para la atenci\u00f3n de los ni\u00f1os y ni\u00f1as, as\u00ed como de los funcionarios del Jard\u00edn Infantil Mi Sol de Freirina. Lo anterior, tras la firma de un convenio entre la empresa contratista y el Centro General de Madres, Padres y [&hellip;]<\/p>\n","protected":false},"author":3,"featured_media":2537,"comment_status":"open","ping_status":"open","sticky":false,"template":"","format":"standard","meta":{"footnotes":""},"categories":[3],"tags":[],"class_list":["post-2536","post","type-post","status-publish","format-standard","has-post-thumbnail","hentry","category-noticias"],"_links":{"self":[{"href":"https:\/\/autoconsumo.minenergia.cl\/index.php?rest_route=\/wp\/v2\/posts\/2536","targetHints":{"allow":["GET"]}}],"collection":[{"href":"https:\/\/autoconsumo.minenergia.cl\/index.php?rest_route=\/wp\/v2\/posts"}],"about":[{"href":"https:\/\/autoconsumo.minenergia.cl\/index.php?rest_route=\/wp\/v2\/types\/post"}],"author":[{"embeddable":true,"href":"https:\/\/autoconsumo.minenergia.cl\/index.php?rest_route=\/wp\/v2\/users\/3"}],"replies":[{"embeddable":true,"href":"https:\/\/autoconsumo.minenergia.cl\/index.php?rest_route=%2Fwp%2Fv2%2Fcomments&post=2536"}],"version-history":[{"count":1,"href":"https:\/\/autoconsumo.minenergia.cl\/index.php?rest_route=\/wp\/v2\/posts\/2536\/revisions"}],"predecessor-version":[{"id":2538,"href":"https:\/\/autoconsumo.minenergia.cl\/index.php?rest_route=\/wp\/v2\/posts\/2536\/revisions\/2538"}],"wp:featuredmedia":[{"embeddable":true,"href":"https:\/\/autoconsumo.minenergia.cl\/index.php?rest_route=\/wp\/v2\/media\/2537"}],"wp:attachment":[{"href":"https:\/\/autoconsumo.minenergia.cl\/index.php?rest_route=%2Fwp%2Fv2%2Fmedia&parent=2536"}],"wp:term":[{"taxonomy":"category","embeddable":true,"href":"https:\/\/autoconsumo.minenergia.cl\/index.php?rest_route=%2Fwp%2Fv2%2Fcategories&post=2536"},{"taxonomy":"post_tag","embeddable":true,"href":"https:\/\/autoconsumo.minenergia.cl\/index.php?rest_route=%2Fwp%2Fv2%2Ftags&post=2536"}],"curies":[{"name":"wp","href":"https:\/\/api.w.org\/{rel}","templated":true}]}}