{"id":2544,"date":"2018-08-17T12:35:29","date_gmt":"2018-08-17T12:35:29","guid":{"rendered":"http:\/\/www.minenergia.cl\/autoconsumo\/?p=2544"},"modified":"2018-08-17T12:35:29","modified_gmt":"2018-08-17T12:35:29","slug":"caldera-30-instala-ultimos-paneles-solares-y-entra-en-su-ultima-fase-de-ejecucion","status":"publish","type":"post","link":"https:\/\/autoconsumo.minenergia.cl\/?p=2544","title":{"rendered":"Caldera 30+ instala \u00faltimos paneles solares y entra en su \u00faltima fase de ejecuci\u00f3n"},"content":{"rendered":"<div><\/div>\n<div><img loading=\"lazy\" decoding=\"async\" class=\"alignnone size-full wp-image-2545\" src=\"https:\/\/autoconsumo.minenergia.cl\/wp-content\/uploads\/2018\/08\/caldera.jpg\" alt=\"\" width=\"1152\" height=\"560\" srcset=\"https:\/\/autoconsumo.minenergia.cl\/wp-content\/uploads\/2018\/08\/caldera.jpg 1152w, https:\/\/autoconsumo.minenergia.cl\/wp-content\/uploads\/2018\/08\/caldera-300x146.jpg 300w, https:\/\/autoconsumo.minenergia.cl\/wp-content\/uploads\/2018\/08\/caldera-768x373.jpg 768w, https:\/\/autoconsumo.minenergia.cl\/wp-content\/uploads\/2018\/08\/caldera-1024x498.jpg 1024w, https:\/\/autoconsumo.minenergia.cl\/wp-content\/uploads\/2018\/08\/caldera-660x321.jpg 660w\" sizes=\"auto, (max-width: 1152px) 100vw, 1152px\" \/><\/div>\n<div>Cada vez m\u00e1s cerca de concretar el sue\u00f1o de generar energ\u00eda limpia y sustentable a trav\u00e9s del sol, se encuentran los 136 beneficiarios el Proyecto Caldera 30+, piloto nacional, que ya se encuentra en su \u00faltima etapa de instalaci\u00f3n de sistemas solares fotovoltaicos en viviendas o micros y peque\u00f1as empresas de las comunas de Tierra Amarilla, Copiap\u00f3 y Caldera. Tal como ha sido la t\u00f3nica, en esta fase, los adjudicatarios tuvieron la posibilidad de asistir a capacitaciones para resolver todas las dudas respecto del proceso.<\/div>\n<div><\/div>\n<div>Este proyecto, que se encuentra enmarcado dentro de la iniciativa \u201cDesarrollo de un Mercado Energ\u00e9tico Local\u201d, es implementado por el Programa Comuna Energ\u00e9tica del Gobierno de Chile, ejecutado a trav\u00e9s del Ministerio de Energ\u00eda en conjunto con la Agencia Chilena de Eficiencia Energ\u00e9tica y es financiado por el Fondo de Inversi\u00f3n Estrat\u00e9gica (FIE), del Ministerio de Econom\u00eda Fomento y Turismo.<\/div>\n<div><\/div>\n<div>\u201cHoy estamos en la \u00faltima etapa de este exitoso proyecto, piloto a nivel nacional, Caldera 30+ que beneficia a 136 usuarios, de las comunas de Caldera, Tierra Amarilla y Copiap\u00f3, que considera una inversi\u00f3n aproximada de 250 millones, con una inyecci\u00f3n de 121 kilos Watt, que son instalados a trav\u00e9s de paneles fotovoltaicos, permitiendo generar energ\u00edas limpias y sustentables para sus hogares o micros y peque\u00f1as empresas. Las instalaciones, se acogen a la Ley 20.571 que permite a los usuarios generar energ\u00eda limpia, autoconsumirla y los excedentes inyectarlos a la red el\u00e9ctrica, lo que genera un verdadero ahorro en los hogares o bien en sus negocios\u201d, asever\u00f3 el seremi de Energ\u00eda de Atacama, Marcelo Sep\u00falveda G\u00e1rate.<\/div>\n<div><\/div>\n<div>Asimismo, el secretario regional, afirm\u00f3 que \u201cesta iniciativa se enmarca tambi\u00e9n en el eje de n\u00famero 4 de nuestra Ruta Energ\u00e9tica 2018-2022: Energ\u00edas Bajas en Emisiones, que impulsa nuestro Presidente Sebasti\u00e1n Pi\u00f1era, que busca avanzar hacia una matriz energ\u00e9tica limpia y renovable y con eficiencia para los consumidores\u201d.<\/div>\n<div><\/div>\n<div>En este contexto, se han realizado m\u00faltiples capacitaciones a los beneficiarios, a las que tambi\u00e9n asiste Enel, que es la empresa que se adjudic\u00f3 el proyecto, estas instancias apuntan a que los adjudicatarios entiendan c\u00f3mo operan los sistemas, desde su instalaci\u00f3n hasta los ahorros que les deber\u00edan generar.<\/div>\n<div><\/div>\n<div>Al respecto, Robert Schacht Wall, profesional de la L\u00ednea de Industria y Miner\u00eda de la Agencia de Eficiencia Energ\u00e9tica, explic\u00f3 que \u201cde la fase de las instalaciones estamos casi al 100%, con eso pasamos a la siguiente etapa que es el proceso de declaraci\u00f3n ante la SEC, una vez que obtengamos esa aprobaci\u00f3n pasamos a la distribuidora con la cual vamos a ir a terreno a cambiar los medidores y luego, pasar a lo que ser\u00eda la firma del contrato de suministro el\u00e9ctrico, con la cual se va a formalizar la conexi\u00f3n de este sistema y la distribuidora va a empezar a pagar a cada beneficiario la energ\u00eda que ellos inyectan a la red, adem\u00e1s van a tener el beneficio m\u00e1s fuerte que es el autoconsumo, es decir, ya van a dejar de comprarle tanta energ\u00eda a la distribuidora y van a empezar a consumir su propia energ\u00eda\u201d.<\/div>\n<div><\/div>\n<div>Finalmente, H\u00e9ctor Silva Henr\u00edquez, uno de los beneficiarios del proyecto, sostuvo que \u201cme parece que es un proyecto innovador, por lo que s\u00e9, es el \u00fanico proyecto de este tipo que est\u00e1 en la regi\u00f3n y en todo Chile, as\u00ed que decid\u00ed postular para minimizar el costo energ\u00e9tico en la casa y con el beneficio del Gobierno mejor todav\u00eda, mayor apoyo. Me parece muy bien, porque otras empresas hacen instalaciones y dejan al cliente de lado pero, en este caso, ha sido una empresa responsable que ha trabajado en coordinaci\u00f3n con el Gobierno. Nos han hecho capacitaciones, \u00e9sta no es la primera, es una de las 3 a las que he asistido. Esto es muy beneficioso\u201d.<\/div>\n<div><\/div>\n<div>Fuente:\u00a0<a href=\"http:\/\/www.radioceleste.cl\/2018\/08\/caldera-30-instala-ultimos-paneles.html\">http:\/\/www.radioceleste.cl<\/a><\/div>\n<div><\/div>\n","protected":false},"excerpt":{"rendered":"<p>Cada vez m\u00e1s cerca de concretar el sue\u00f1o de generar energ\u00eda limpia y sustentable a trav\u00e9s del sol, se encuentran los 136 beneficiarios el Proyecto Caldera 30+, piloto nacional, que ya se encuentra en su \u00faltima etapa de instalaci\u00f3n de sistemas solares fotovoltaicos en viviendas o micros y peque\u00f1as empresas de las comunas de Tierra [&hellip;]<\/p>\n","protected":false},"author":3,"featured_media":2545,"comment_status":"open","ping_status":"open","sticky":false,"template":"","format":"standard","meta":{"footnotes":""},"categories":[3],"tags":[],"class_list":["post-2544","post","type-post","status-publish","format-standard","has-post-thumbnail","hentry","category-noticias"],"_links":{"self":[{"href":"https:\/\/autoconsumo.minenergia.cl\/index.php?rest_route=\/wp\/v2\/posts\/2544","targetHints":{"allow":["GET"]}}],"collection":[{"href":"https:\/\/autoconsumo.minenergia.cl\/index.php?rest_route=\/wp\/v2\/posts"}],"about":[{"href":"https:\/\/autoconsumo.minenergia.cl\/index.php?rest_route=\/wp\/v2\/types\/post"}],"author":[{"embeddable":true,"href":"https:\/\/autoconsumo.minenergia.cl\/index.php?rest_route=\/wp\/v2\/users\/3"}],"replies":[{"embeddable":true,"href":"https:\/\/autoconsumo.minenergia.cl\/index.php?rest_route=%2Fwp%2Fv2%2Fcomments&post=2544"}],"version-history":[{"count":1,"href":"https:\/\/autoconsumo.minenergia.cl\/index.php?rest_route=\/wp\/v2\/posts\/2544\/revisions"}],"predecessor-version":[{"id":2546,"href":"https:\/\/autoconsumo.minenergia.cl\/index.php?rest_route=\/wp\/v2\/posts\/2544\/revisions\/2546"}],"wp:featuredmedia":[{"embeddable":true,"href":"https:\/\/autoconsumo.minenergia.cl\/index.php?rest_route=\/wp\/v2\/media\/2545"}],"wp:attachment":[{"href":"https:\/\/autoconsumo.minenergia.cl\/index.php?rest_route=%2Fwp%2Fv2%2Fmedia&parent=2544"}],"wp:term":[{"taxonomy":"category","embeddable":true,"href":"https:\/\/autoconsumo.minenergia.cl\/index.php?rest_route=%2Fwp%2Fv2%2Fcategories&post=2544"},{"taxonomy":"post_tag","embeddable":true,"href":"https:\/\/autoconsumo.minenergia.cl\/index.php?rest_route=%2Fwp%2Fv2%2Ftags&post=2544"}],"curies":[{"name":"wp","href":"https:\/\/api.w.org\/{rel}","templated":true}]}}