{"id":2547,"date":"2018-08-17T12:41:15","date_gmt":"2018-08-17T12:41:15","guid":{"rendered":"http:\/\/www.minenergia.cl\/autoconsumo\/?p=2547"},"modified":"2018-08-17T12:44:10","modified_gmt":"2018-08-17T12:44:10","slug":"proyecto-fpa-sol-dorado-danos-mejor-energia-de-la-comunidad-jose-melin-municipalidad-de-nueva-imperial","status":"publish","type":"post","link":"https:\/\/autoconsumo.minenergia.cl\/?p=2547","title":{"rendered":"Proyecto FPA \u2018Sol Dorado Danos Mejor Energ\u00eda\u2019 de la comunidad Jos\u00e9 Melin,  Municipalidad de Nueva Imperial"},"content":{"rendered":"<p><img loading=\"lazy\" decoding=\"async\" class=\"alignnone size-full wp-image-2548\" src=\"https:\/\/autoconsumo.minenergia.cl\/wp-content\/uploads\/2018\/08\/proyecto_FPA-3.jpg\" alt=\"\" width=\"1280\" height=\"960\" srcset=\"https:\/\/autoconsumo.minenergia.cl\/wp-content\/uploads\/2018\/08\/proyecto_FPA-3.jpg 1280w, https:\/\/autoconsumo.minenergia.cl\/wp-content\/uploads\/2018\/08\/proyecto_FPA-3-300x225.jpg 300w, https:\/\/autoconsumo.minenergia.cl\/wp-content\/uploads\/2018\/08\/proyecto_FPA-3-768x576.jpg 768w, https:\/\/autoconsumo.minenergia.cl\/wp-content\/uploads\/2018\/08\/proyecto_FPA-3-1024x768.jpg 1024w, https:\/\/autoconsumo.minenergia.cl\/wp-content\/uploads\/2018\/08\/proyecto_FPA-3-660x495.jpg 660w\" sizes=\"auto, (max-width: 1280px) 100vw, 1280px\" \/>El alcalde Manuel Salas Trautmann y su compromiso con el medio ambiente, han logrado que a trav\u00e9s de distintas instancias se apoyen iniciativas que generen un impacto ambiental y transformar a la comuna en un referente en el uso de energ\u00edas renovables.<\/p>\n<p>Es en este contexto que en la comunidad Jos\u00e9 Melin de Nueva Imperial se realiz\u00f3 el lanzamiento del proyecto \u2018Sol Dorado Danos Mejor Energ\u00eda\u2019, con apoyo del Ministerio del Medio Ambiente, CONADI, Fondo de Protecci\u00f3n Ambiental 2018 y los organismos asociados Municipalidad de Nueva Imperial y Escuela P\u00fablica Rep\u00fablica.<\/p>\n<p>A dicho lanzamiento asisti\u00f3 la seremi de Medio Ambiente, Andrea Flies Lara, quien destac\u00f3 la iniciativa e inst\u00f3 a las comunidades invitadas para participar de dichos fondos cuyo objetivo son promover la sustentabilidad y eficiencia energ\u00e9tica. De la misma manera el lonko de la comunidad ind\u00edgena Juan Jos\u00e9 Melin se\u00f1al\u00f3 que el proyecto beneficiar\u00e1 a 12 familias, quienes tendr\u00e1n acceso a la energ\u00eda fotovoltaica off grid, donde podr\u00e1n suplir las emergencias de los intermitentes cortes de luz en el sector, sobre todo en tiempos de invierno.<\/p>\n<p>Este proyecto lograr\u00e1 reducir considerablemente sus cuentas el\u00e9ctricas, ya que el sistema a instalar les permitir\u00e1 conectar hasta 7 ampolletas de tecnolog\u00eda LED, recargar bater\u00edas en celulares, linternas y algunos televisores o radios de bajo consumo.<\/p>\n<p>Dentro del proyecto tambi\u00e9n se encuentra el trabajo colaborativo con la Escuela P\u00fablica Rep\u00fablica, en la cual se desarrollar\u00e1n talleres y vistas hacia la comunidad para dar a conocer el funcionamiento de los sistemas fotovoltaicos. La Municipalidad, apoyar\u00e1 en la realizaci\u00f3n de 3 talleres a trav\u00e9s de su Unidad de Medio Ambiente y Calidad de Vida.<\/p>\n<p>Fuente:\u00a0<a href=\"https:\/\/elinformadordigital.cl\/noticias-destacadas\/municipalidad-de-nueva-imperial-apoya-proyecto-fpa-sol-dorado-danos-mejor-energia-de-la-comunidad-jose-melin\/\">https:\/\/elinformadordigital.cl<\/a><\/p>\n","protected":false},"excerpt":{"rendered":"<p>El alcalde Manuel Salas Trautmann y su compromiso con el medio ambiente, han logrado que a trav\u00e9s de distintas instancias se apoyen iniciativas que generen un impacto ambiental y transformar a la comuna en un referente en el uso de energ\u00edas renovables. Es en este contexto que en la comunidad Jos\u00e9 Melin de Nueva Imperial [&hellip;]<\/p>\n","protected":false},"author":3,"featured_media":2548,"comment_status":"open","ping_status":"open","sticky":false,"template":"","format":"standard","meta":{"footnotes":""},"categories":[3],"tags":[],"class_list":["post-2547","post","type-post","status-publish","format-standard","has-post-thumbnail","hentry","category-noticias"],"_links":{"self":[{"href":"https:\/\/autoconsumo.minenergia.cl\/index.php?rest_route=\/wp\/v2\/posts\/2547","targetHints":{"allow":["GET"]}}],"collection":[{"href":"https:\/\/autoconsumo.minenergia.cl\/index.php?rest_route=\/wp\/v2\/posts"}],"about":[{"href":"https:\/\/autoconsumo.minenergia.cl\/index.php?rest_route=\/wp\/v2\/types\/post"}],"author":[{"embeddable":true,"href":"https:\/\/autoconsumo.minenergia.cl\/index.php?rest_route=\/wp\/v2\/users\/3"}],"replies":[{"embeddable":true,"href":"https:\/\/autoconsumo.minenergia.cl\/index.php?rest_route=%2Fwp%2Fv2%2Fcomments&post=2547"}],"version-history":[{"count":1,"href":"https:\/\/autoconsumo.minenergia.cl\/index.php?rest_route=\/wp\/v2\/posts\/2547\/revisions"}],"predecessor-version":[{"id":2549,"href":"https:\/\/autoconsumo.minenergia.cl\/index.php?rest_route=\/wp\/v2\/posts\/2547\/revisions\/2549"}],"wp:featuredmedia":[{"embeddable":true,"href":"https:\/\/autoconsumo.minenergia.cl\/index.php?rest_route=\/wp\/v2\/media\/2548"}],"wp:attachment":[{"href":"https:\/\/autoconsumo.minenergia.cl\/index.php?rest_route=%2Fwp%2Fv2%2Fmedia&parent=2547"}],"wp:term":[{"taxonomy":"category","embeddable":true,"href":"https:\/\/autoconsumo.minenergia.cl\/index.php?rest_route=%2Fwp%2Fv2%2Fcategories&post=2547"},{"taxonomy":"post_tag","embeddable":true,"href":"https:\/\/autoconsumo.minenergia.cl\/index.php?rest_route=%2Fwp%2Fv2%2Ftags&post=2547"}],"curies":[{"name":"wp","href":"https:\/\/api.w.org\/{rel}","templated":true}]}}