{"id":2552,"date":"2018-08-22T11:55:49","date_gmt":"2018-08-22T11:55:49","guid":{"rendered":"http:\/\/www.minenergia.cl\/autoconsumo\/?p=2552"},"modified":"2018-08-22T12:03:05","modified_gmt":"2018-08-22T12:03:05","slug":"ministra-de-energia-da-a-conocer-nuevo-directorio-y-director-ejecutivo-de-la-agencia-de-eficiencia-energetica","status":"publish","type":"post","link":"https:\/\/autoconsumo.minenergia.cl\/?p=2552","title":{"rendered":"Ministra de Energ\u00eda da a conocer nuevo directorio y director ejecutivo de la Agencia de Eficiencia Energ\u00e9tica"},"content":{"rendered":"<p><img loading=\"lazy\" decoding=\"async\" class=\"alignnone size-full wp-image-2553\" src=\"https:\/\/autoconsumo.minenergia.cl\/wp-content\/uploads\/2018\/08\/Agencia.jpg\" alt=\"\" width=\"960\" height=\"300\" srcset=\"https:\/\/autoconsumo.minenergia.cl\/wp-content\/uploads\/2018\/08\/Agencia.jpg 960w, https:\/\/autoconsumo.minenergia.cl\/wp-content\/uploads\/2018\/08\/Agencia-300x94.jpg 300w, https:\/\/autoconsumo.minenergia.cl\/wp-content\/uploads\/2018\/08\/Agencia-768x240.jpg 768w, https:\/\/autoconsumo.minenergia.cl\/wp-content\/uploads\/2018\/08\/Agencia-660x206.jpg 660w\" sizes=\"auto, (max-width: 960px) 100vw, 960px\" \/><\/p>\n<p>La ministra, Susana Jim\u00e9nez, anunci\u00f3 tambi\u00e9n que la actual AChEE pasar\u00e1 a ser la Agencia de Sostenibilidad Energ\u00e9tica.<\/p>\n<p>\u201cEstamos frente a una nueva etapa de la Agencia de Eficiencia Energ\u00e9tica, en que necesitamos potenciarla para que se haga cargo de los nuevos desaf\u00edos del sector. Hoy se requiere una mirada m\u00e1s integral, aprovechando las sinergias entre la eficiencia energ\u00e9tica y otras tem\u00e1ticas como la movilidad el\u00e9ctrica, energ\u00edas renovables, generaci\u00f3n distribuida y energ\u00eda distrital, por mencionar algunas. Para hacerse cargo de estos nuevos desaf\u00edos, la Agencia pasar\u00e1 a ser la Agencia de Sostenibilidad Energ\u00e9tica\u201d, anunci\u00f3 la ministra de Energ\u00eda, Susana Jim\u00e9nez.<\/p>\n<p>As\u00ed tambi\u00e9n, se conform\u00f3 el nuevo directorio, el cual ser\u00e1 presidido por el subsecretario de Energ\u00eda, Ricardo Irarr\u00e1zabal, e integrado por Fernando Alvear, Josefina Soto, Jorge C\u00e1ceres, Virginia Zalaquett, Andr\u00e9s Pesce y Gabriel Prudencio. Cabe destacar que los directores cuentan con experiencia tanto en el \u00e1mbito p\u00fablico como privado del sector energ\u00e9tico, lo cual facilitar\u00e1 y marcar\u00e1 la nueva ruta del organismo.<\/p>\n<p>Junto a la elecci\u00f3n del directorio tambi\u00e9n se nombr\u00f3 al nuevo director ejecutivo de la Agencia de Sostenibilidad Energ\u00e9tica, Ignacio Santelices Ruiz, actual jefe de la Divisi\u00f3n de Eficiencia Energ\u00e9tica del Ministerio de Energ\u00eda, quien asumir\u00e1 sus funciones a partir del 1 de octubre.<\/p>\n<p>\u201cEl desarrollo tecnol\u00f3gico ha llevado a la integraci\u00f3n de distintas tem\u00e1ticas que antes se trabajaban en forma separada. La eficiencia energ\u00e9tica ya no es una isla separada de los dem\u00e1s desaf\u00edos de sustentabilidad, y en consecuencia debe integrarse con las energ\u00edas renovables, la electromovilidad, el almacenamiento, entre otros. Avanzar en el desarrollo sostenible es uno de los principales desaf\u00edos de nuestro pa\u00eds, y esperamos que la Agencia de Sostenibilidad Energ\u00e9tica juegue un rol importante en su cumplimiento\u201d, explic\u00f3 Ignacio Santelices.<\/p>\n<p>Fuente:\u00a0<a href=\"http:\/\/www.energia.gob.cl\/tema-de-interes\/ministra-de-energia-da-conocer\">http:\/\/www.energia.gob.cl<\/a><\/p>\n<p>&nbsp;<\/p>\n","protected":false},"excerpt":{"rendered":"<p>La ministra, Susana Jim\u00e9nez, anunci\u00f3 tambi\u00e9n que la actual AChEE pasar\u00e1 a ser la Agencia de Sostenibilidad Energ\u00e9tica. \u201cEstamos frente a una nueva etapa de la Agencia de Eficiencia Energ\u00e9tica, en que necesitamos potenciarla para que se haga cargo de los nuevos desaf\u00edos del sector. Hoy se requiere una mirada m\u00e1s integral, aprovechando las sinergias [&hellip;]<\/p>\n","protected":false},"author":3,"featured_media":2557,"comment_status":"open","ping_status":"open","sticky":false,"template":"","format":"standard","meta":{"footnotes":""},"categories":[3],"tags":[],"class_list":["post-2552","post","type-post","status-publish","format-standard","has-post-thumbnail","hentry","category-noticias"],"_links":{"self":[{"href":"https:\/\/autoconsumo.minenergia.cl\/index.php?rest_route=\/wp\/v2\/posts\/2552","targetHints":{"allow":["GET"]}}],"collection":[{"href":"https:\/\/autoconsumo.minenergia.cl\/index.php?rest_route=\/wp\/v2\/posts"}],"about":[{"href":"https:\/\/autoconsumo.minenergia.cl\/index.php?rest_route=\/wp\/v2\/types\/post"}],"author":[{"embeddable":true,"href":"https:\/\/autoconsumo.minenergia.cl\/index.php?rest_route=\/wp\/v2\/users\/3"}],"replies":[{"embeddable":true,"href":"https:\/\/autoconsumo.minenergia.cl\/index.php?rest_route=%2Fwp%2Fv2%2Fcomments&post=2552"}],"version-history":[{"count":1,"href":"https:\/\/autoconsumo.minenergia.cl\/index.php?rest_route=\/wp\/v2\/posts\/2552\/revisions"}],"predecessor-version":[{"id":2554,"href":"https:\/\/autoconsumo.minenergia.cl\/index.php?rest_route=\/wp\/v2\/posts\/2552\/revisions\/2554"}],"wp:featuredmedia":[{"embeddable":true,"href":"https:\/\/autoconsumo.minenergia.cl\/index.php?rest_route=\/wp\/v2\/media\/2557"}],"wp:attachment":[{"href":"https:\/\/autoconsumo.minenergia.cl\/index.php?rest_route=%2Fwp%2Fv2%2Fmedia&parent=2552"}],"wp:term":[{"taxonomy":"category","embeddable":true,"href":"https:\/\/autoconsumo.minenergia.cl\/index.php?rest_route=%2Fwp%2Fv2%2Fcategories&post=2552"},{"taxonomy":"post_tag","embeddable":true,"href":"https:\/\/autoconsumo.minenergia.cl\/index.php?rest_route=%2Fwp%2Fv2%2Ftags&post=2552"}],"curies":[{"name":"wp","href":"https:\/\/api.w.org\/{rel}","templated":true}]}}