{"id":2559,"date":"2018-08-24T19:03:37","date_gmt":"2018-08-24T19:03:37","guid":{"rendered":"http:\/\/www.minenergia.cl\/autoconsumo\/?p=2559"},"modified":"2018-08-24T19:03:54","modified_gmt":"2018-08-24T19:03:54","slug":"subsecretario-de-energia-destaca-los-beneficios-del-autoconsumo-energetico-en-las-pymes","status":"publish","type":"post","link":"https:\/\/autoconsumo.minenergia.cl\/?p=2559","title":{"rendered":"Subsecretario de Energ\u00eda destaca los beneficios del autoconsumo energ\u00e9tico en las Pymes"},"content":{"rendered":"<p><img loading=\"lazy\" decoding=\"async\" class=\"alignnone size-full wp-image-2560\" src=\"https:\/\/autoconsumo.minenergia.cl\/wp-content\/uploads\/2018\/08\/Seminario-Banco-Estado.jpg\" alt=\"\" width=\"960\" height=\"300\" srcset=\"https:\/\/autoconsumo.minenergia.cl\/wp-content\/uploads\/2018\/08\/Seminario-Banco-Estado.jpg 960w, https:\/\/autoconsumo.minenergia.cl\/wp-content\/uploads\/2018\/08\/Seminario-Banco-Estado-300x94.jpg 300w, https:\/\/autoconsumo.minenergia.cl\/wp-content\/uploads\/2018\/08\/Seminario-Banco-Estado-768x240.jpg 768w, https:\/\/autoconsumo.minenergia.cl\/wp-content\/uploads\/2018\/08\/Seminario-Banco-Estado-660x206.jpg 660w\" sizes=\"auto, (max-width: 960px) 100vw, 960px\" \/><\/p>\n<p>En el marco del Segundo Seminario de Eficiencia Energ\u00e9tica y Energ\u00edas Renovables para PYMEs -organizado por BancoEstado- y ante m\u00e1s de 150 representantes de las peque\u00f1as y medianas empresas del pa\u00eds, el\u00a0<strong>subsecretario de Energ\u00eda, Ricardo Irarr\u00e1zabal<\/strong>, explic\u00f3 las acciones que est\u00e1 emprendiendo el ministerio para apoyar al sector.<\/p>\n<p>\u201cEn nuestra\u00a0<strong>Ruta Energ\u00e9tica 2018-2022\u00a0<\/strong>hemos establecido el Programa\u00a0<strong>GestionaEnerg\u00eda MiPyme<\/strong>, que entregar\u00e1 conocimientos b\u00e1sicos sobre buen uso de la energ\u00eda, estudios de pre inversi\u00f3n, eliminado asimetr\u00edas de informaci\u00f3n y a su vez, fortaleciendo el ecosistema asociado a esta materia\u201d, explic\u00f3 el subsecretario Irarr\u00e1zabal.<\/p>\n<p>La autoridad resalt\u00f3 la importancia que tiene para estas empresas contar con energ\u00eda sustentable a precios convenientes: \u201cEn Chile existen m\u00e1s de un mill\u00f3n de micro, peque\u00f1as y medianas empresas, que representan el 98% del total de las empresas existentes. Ellas consumen cerca de 38 mil GWh de energ\u00eda al a\u00f1o, que es un tercio del consumo energ\u00e9tico total del sector industrial y minero\u201d.<\/p>\n<p>En la oportunidad, Ricardo Irarr\u00e1zabal present\u00f3 las distintas opciones de financiamiento con los que cuentan las empresas para optar a nuevas tecnolog\u00edas de eficiencia energ\u00e9tica y energ\u00edas renovables, como cr\u00e9ditos bancarios, distintos programas de gobierno y el modelo ESCO, donde una tercera empresa de gesti\u00f3n energ\u00e9tica financia la infraestructura recibiendo como pago el valor de los ahorros recibidos por la nueva tecnolog\u00eda. Informaci\u00f3n disponible en\u00a0<a href=\"http:\/\/www.gestionaenergia.cl\/\">www.gestionaenergia.cl<\/a><\/p>\n<p><strong>Convenio de colaboraci\u00f3n<\/strong><\/p>\n<p>El convenio de colaboraci\u00f3n vigente entre el Ministerio de Energ\u00eda y BancoEstado tiene por objetivo desarrollar nuevos instrumentos de financiamiento para las PyMES.<\/p>\n<p>En concordancia con ello, BancoEstado lanz\u00f3 su primer cr\u00e9dito de eficiencia energ\u00e9tica y energ\u00edas renovables para PyMes, el cual les permite acceder a financiamiento en un plazo de hasta 12 a\u00f1os, adapt\u00e1ndose a los ciclos econ\u00f3micos de ese sector.<\/p>\n<p>La factibilidad t\u00e9cnica de dichos proyectos es analizada por la agencia de eficiencia energ\u00e9tica, siendo un insumo a la hora de aprobar los cr\u00e9ditos. A la fecha, se han financiado 22 cr\u00e9ditos por un total de 2.700 millones de pesos.<\/p>\n","protected":false},"excerpt":{"rendered":"<p>En el marco del Segundo Seminario de Eficiencia Energ\u00e9tica y Energ\u00edas Renovables para PYMEs -organizado por BancoEstado- y ante m\u00e1s de 150 representantes de las peque\u00f1as y medianas empresas del pa\u00eds, el\u00a0subsecretario de Energ\u00eda, Ricardo Irarr\u00e1zabal, explic\u00f3 las acciones que est\u00e1 emprendiendo el ministerio para apoyar al sector. \u201cEn nuestra\u00a0Ruta Energ\u00e9tica 2018-2022\u00a0hemos establecido el Programa\u00a0GestionaEnerg\u00eda [&hellip;]<\/p>\n","protected":false},"author":3,"featured_media":2561,"comment_status":"open","ping_status":"open","sticky":false,"template":"","format":"standard","meta":{"footnotes":""},"categories":[3],"tags":[],"class_list":["post-2559","post","type-post","status-publish","format-standard","has-post-thumbnail","hentry","category-noticias"],"_links":{"self":[{"href":"https:\/\/autoconsumo.minenergia.cl\/index.php?rest_route=\/wp\/v2\/posts\/2559","targetHints":{"allow":["GET"]}}],"collection":[{"href":"https:\/\/autoconsumo.minenergia.cl\/index.php?rest_route=\/wp\/v2\/posts"}],"about":[{"href":"https:\/\/autoconsumo.minenergia.cl\/index.php?rest_route=\/wp\/v2\/types\/post"}],"author":[{"embeddable":true,"href":"https:\/\/autoconsumo.minenergia.cl\/index.php?rest_route=\/wp\/v2\/users\/3"}],"replies":[{"embeddable":true,"href":"https:\/\/autoconsumo.minenergia.cl\/index.php?rest_route=%2Fwp%2Fv2%2Fcomments&post=2559"}],"version-history":[{"count":1,"href":"https:\/\/autoconsumo.minenergia.cl\/index.php?rest_route=\/wp\/v2\/posts\/2559\/revisions"}],"predecessor-version":[{"id":2562,"href":"https:\/\/autoconsumo.minenergia.cl\/index.php?rest_route=\/wp\/v2\/posts\/2559\/revisions\/2562"}],"wp:featuredmedia":[{"embeddable":true,"href":"https:\/\/autoconsumo.minenergia.cl\/index.php?rest_route=\/wp\/v2\/media\/2561"}],"wp:attachment":[{"href":"https:\/\/autoconsumo.minenergia.cl\/index.php?rest_route=%2Fwp%2Fv2%2Fmedia&parent=2559"}],"wp:term":[{"taxonomy":"category","embeddable":true,"href":"https:\/\/autoconsumo.minenergia.cl\/index.php?rest_route=%2Fwp%2Fv2%2Fcategories&post=2559"},{"taxonomy":"post_tag","embeddable":true,"href":"https:\/\/autoconsumo.minenergia.cl\/index.php?rest_route=%2Fwp%2Fv2%2Ftags&post=2559"}],"curies":[{"name":"wp","href":"https:\/\/api.w.org\/{rel}","templated":true}]}}