{"id":2563,"date":"2018-08-24T19:11:07","date_gmt":"2018-08-24T19:11:07","guid":{"rendered":"http:\/\/www.minenergia.cl\/autoconsumo\/?p=2563"},"modified":"2018-08-24T19:11:07","modified_gmt":"2018-08-24T19:11:07","slug":"proyecto-de-ley-de-generacion-distribuida-fue-aprobado-por-unanimidad-en-la-camara-de-diputados-e-inicia-ultimo-tramite-legislativo-en-el-senado","status":"publish","type":"post","link":"https:\/\/autoconsumo.minenergia.cl\/?p=2563","title":{"rendered":"Proyecto de Ley de Generaci\u00f3n Distribuida fue aprobado por unanimidad en la C\u00e1mara de Diputados e inicia \u00faltimo tr\u00e1mite legislativo en el Senado"},"content":{"rendered":"<p><img loading=\"lazy\" decoding=\"async\" class=\"alignnone size-full wp-image-2564\" src=\"https:\/\/autoconsumo.minenergia.cl\/wp-content\/uploads\/2018\/08\/ley-netbilling.jpg\" alt=\"\" width=\"960\" height=\"300\" srcset=\"https:\/\/autoconsumo.minenergia.cl\/wp-content\/uploads\/2018\/08\/ley-netbilling.jpg 960w, https:\/\/autoconsumo.minenergia.cl\/wp-content\/uploads\/2018\/08\/ley-netbilling-300x94.jpg 300w, https:\/\/autoconsumo.minenergia.cl\/wp-content\/uploads\/2018\/08\/ley-netbilling-768x240.jpg 768w, https:\/\/autoconsumo.minenergia.cl\/wp-content\/uploads\/2018\/08\/ley-netbilling-660x206.jpg 660w\" sizes=\"auto, (max-width: 960px) 100vw, 960px\" \/><\/p>\n<p>La ministra de Energ\u00eda, Susana Jim\u00e9nez, explic\u00f3 que la iniciativa incrementar\u00e1 de 100 kW a 300 kW la capacidad instalada por cada inmueble, y tiene la virtud de enfocarse principalmente en las personas, en los clientes residenciales que deciden invertir en fuentes limpias de generaci\u00f3n para sus hogares.<\/p>\n<p>\u201cComo Ministerio de Energ\u00eda estamos muy contentos con la aprobaci\u00f3n en la C\u00e1mara de Diputados del proyecto que modifica la Ley de Generaci\u00f3n Distribuida, y que pasa ahora a \u00faltimo tr\u00e1mite en el Senado. M\u00e1s all\u00e1 de sus aspectos y bondades regulatorias, esta iniciativa tiene la virtud de enfocarse principalmente en las personas, en los clientes residenciales que deciden invertir en fuentes limpias de generaci\u00f3n para sus hogares\u201d, explic\u00f3 la ministra de Energ\u00eda, Susana Jim\u00e9nez, a la salida de la votaci\u00f3n realizada hoy en la C\u00e1mara de Diputados.<\/p>\n<p>Este proyecto se inici\u00f3 el 2013 mediante moci\u00f3n de los senadores Antonio Horvath, Isabel Allende, Ximena Rinc\u00f3n, Baldo Prokurica y Juan Antonio G\u00f3mez, y el Ministerio de Energ\u00eda present\u00f3 indicaciones, que fueron tambi\u00e9n enriquecidas con los aportes de los integrantes de la comisi\u00f3n de Miner\u00eda y Energ\u00eda de la C\u00e1mara de Diputados.<\/p>\n<p>\u201cEste proyecto est\u00e1 en la l\u00ednea con lo planteado en nuestra Ruta Energ\u00e9tica 2018-2022, particularmente con el Mega Compromiso que plantea alcanzar cuatro veces la capacidad actual de generaci\u00f3n distribuida renovable de peque\u00f1a escala a 2022. As\u00ed tambi\u00e9n, se enmarca dentro de lo establecido en el programa de Gobierno del Presidente, Sebasti\u00e1n Pi\u00f1era, en lo referente a impulsar con fuerza la generaci\u00f3n el\u00e9ctrica a menor escala, lo que beneficia directamente a las personas\u201d, resalt\u00f3 la Titular de Energ\u00eda.<\/p>\n<p>Durante su intervenci\u00f3n en Sala, la ministra Jim\u00e9nez destac\u00f3 tambi\u00e9n el apoyo transversal que logr\u00f3 el proyecto de modificaci\u00f3n, el cual cont\u00f3 con los votos de parlamentarios de todas las bancadas pol\u00edticas.<\/p>\n<p>\u201cEsta iniciativa tiene la virtud de que, tanto en el primer tr\u00e1mite constitucional, en el Senado, como en segundo, realizado en esta Corporaci\u00f3n, se avanz\u00f3 sobre la base de consensos y acuerdos. Tengo la m\u00e1s fuerte convicci\u00f3n de que esa es la forma de lograr legislaci\u00f3n robusta y duradera, que permita dar la seguridad a los diversos agentes para desplegar sus inversiones\u201d, se\u00f1al\u00f3 Jim\u00e9nez.<\/p>\n<p>Las modificaciones efectuadas en la Comisi\u00f3n de Miner\u00eda y Energ\u00eda de la C\u00e1mara de Diputados y aprobadas hoy dicen relaci\u00f3n con:<\/p>\n<p>1. Incrementar de 100 kW a 300 kW en la capacidad instalada por cada inmueble o instalaci\u00f3n de un cliente o usuario final, que puede acogerse a la generaci\u00f3n distribuida.<br \/>\n3. Hacer aplicable el descuento por inyecci\u00f3n de energ\u00eda a todos los \u00edtems o cargos de las cuentas de suministro el\u00e9ctrico y no solamente al cargo por energ\u00eda;<br \/>\n4. Hacer posible que los excedentes de energ\u00eda que no puedan ser descontados de las facturaciones, puedan ser traspasados a inmuebles o instalaciones de propiedad del mismo cliente.<br \/>\n5. Regular el pago, mediante obligaciones de dinero, de los excedentes que no hayan podido ser descontados de las cuentas de suministro el\u00e9ctrico, en los siguientes casos:<br \/>\na. Clientes residenciales con potencia conectada inferior o igual a 20 kW;<br \/>\nb. Personas jur\u00eddicas sin fines de lucro, con potencia conectada inferior o igual a 50 kW;<br \/>\nc. Otros clientes hasta 300 kW de capacidad instalada que demuestren que su sistema fue originalmente dise\u00f1ado para el autoconsumo.<br \/>\n6. Socializaci\u00f3n de los excedentes que tras cinco a\u00f1os no hayan podido ser pagados o descontados, en beneficio de los dem\u00e1s usuarios, asegurando dichos excedentes no ingresen al patrimonio de las distribuidoras.<br \/>\n7. Permitir la instalaci\u00f3n de sistemas de generaci\u00f3n comunitarios o de propiedad conjunta.<\/p>\n<p>Fuente:\u00a0<a href=\"http:\/\/www.energia.gob.cl\/\">http:\/\/www.energia.gob.cl\/<\/a><\/p>\n<p>&nbsp;<\/p>\n","protected":false},"excerpt":{"rendered":"<p>La ministra de Energ\u00eda, Susana Jim\u00e9nez, explic\u00f3 que la iniciativa incrementar\u00e1 de 100 kW a 300 kW la capacidad instalada por cada inmueble, y tiene la virtud de enfocarse principalmente en las personas, en los clientes residenciales que deciden invertir en fuentes limpias de generaci\u00f3n para sus hogares. \u201cComo Ministerio de Energ\u00eda estamos muy contentos [&hellip;]<\/p>\n","protected":false},"author":3,"featured_media":2565,"comment_status":"open","ping_status":"open","sticky":false,"template":"","format":"standard","meta":{"footnotes":""},"categories":[3],"tags":[],"class_list":["post-2563","post","type-post","status-publish","format-standard","has-post-thumbnail","hentry","category-noticias"],"_links":{"self":[{"href":"https:\/\/autoconsumo.minenergia.cl\/index.php?rest_route=\/wp\/v2\/posts\/2563","targetHints":{"allow":["GET"]}}],"collection":[{"href":"https:\/\/autoconsumo.minenergia.cl\/index.php?rest_route=\/wp\/v2\/posts"}],"about":[{"href":"https:\/\/autoconsumo.minenergia.cl\/index.php?rest_route=\/wp\/v2\/types\/post"}],"author":[{"embeddable":true,"href":"https:\/\/autoconsumo.minenergia.cl\/index.php?rest_route=\/wp\/v2\/users\/3"}],"replies":[{"embeddable":true,"href":"https:\/\/autoconsumo.minenergia.cl\/index.php?rest_route=%2Fwp%2Fv2%2Fcomments&post=2563"}],"version-history":[{"count":1,"href":"https:\/\/autoconsumo.minenergia.cl\/index.php?rest_route=\/wp\/v2\/posts\/2563\/revisions"}],"predecessor-version":[{"id":2566,"href":"https:\/\/autoconsumo.minenergia.cl\/index.php?rest_route=\/wp\/v2\/posts\/2563\/revisions\/2566"}],"wp:featuredmedia":[{"embeddable":true,"href":"https:\/\/autoconsumo.minenergia.cl\/index.php?rest_route=\/wp\/v2\/media\/2565"}],"wp:attachment":[{"href":"https:\/\/autoconsumo.minenergia.cl\/index.php?rest_route=%2Fwp%2Fv2%2Fmedia&parent=2563"}],"wp:term":[{"taxonomy":"category","embeddable":true,"href":"https:\/\/autoconsumo.minenergia.cl\/index.php?rest_route=%2Fwp%2Fv2%2Fcategories&post=2563"},{"taxonomy":"post_tag","embeddable":true,"href":"https:\/\/autoconsumo.minenergia.cl\/index.php?rest_route=%2Fwp%2Fv2%2Ftags&post=2563"}],"curies":[{"name":"wp","href":"https:\/\/api.w.org\/{rel}","templated":true}]}}