{"id":2590,"date":"2018-09-05T14:44:30","date_gmt":"2018-09-05T14:44:30","guid":{"rendered":"http:\/\/www.minenergia.cl\/autoconsumo\/?p=2590"},"modified":"2018-09-05T14:44:30","modified_gmt":"2018-09-05T14:44:30","slug":"inauguran-paneles-solares-en-colegio-de-la-comuna-de-penalolen","status":"publish","type":"post","link":"https:\/\/autoconsumo.minenergia.cl\/?p=2590","title":{"rendered":"Inauguran paneles solares en colegio de la comuna de Pe\u00f1alol\u00e9n"},"content":{"rendered":"<p><img loading=\"lazy\" decoding=\"async\" class=\"alignnone size-full wp-image-2591\" src=\"https:\/\/autoconsumo.minenergia.cl\/wp-content\/uploads\/2018\/09\/SFV-Pe\u00f1alol\u00e9n.jpg\" alt=\"\" width=\"818\" height=\"460\" srcset=\"https:\/\/autoconsumo.minenergia.cl\/wp-content\/uploads\/2018\/09\/SFV-Pe\u00f1alol\u00e9n.jpg 818w, https:\/\/autoconsumo.minenergia.cl\/wp-content\/uploads\/2018\/09\/SFV-Pe\u00f1alol\u00e9n-300x169.jpg 300w, https:\/\/autoconsumo.minenergia.cl\/wp-content\/uploads\/2018\/09\/SFV-Pe\u00f1alol\u00e9n-768x432.jpg 768w, https:\/\/autoconsumo.minenergia.cl\/wp-content\/uploads\/2018\/09\/SFV-Pe\u00f1alol\u00e9n-660x371.jpg 660w\" sizes=\"auto, (max-width: 818px) 100vw, 818px\" \/><\/p>\n<p>Este martes el subsecretario de Energ\u00eda, Ricardo Irarr\u00e1zabal, junto a la alcaldesa de Pe\u00f1alol\u00e9n, Carolina Leitao, inaugur\u00f3 un moderno sistema fotovoltaico en el colegio Tobalaba de la comuna, como parte del proyecto \u201cColegios Solares\u201d.<\/p>\n<p>Esta iniciativa fue uno de los ganadores de un innovador concurso del programa \u201cComuna Energ\u00e9tica\u201d, que busca implementar propuestas energ\u00e9ticas a nivel local y municipal, promoviendo la asociaci\u00f3n de actores p\u00fablicos y privados para generar nuevos modelos de financiamiento.<\/p>\n<div id=\"min_ad_12191708\">\u00a0La iniciativa beneficiar\u00e1 a seis establecimientos educacionales de la comuna capitalina con modernos sistemas fotovoltaicos en sus techos para su consumo energ\u00e9tico con energ\u00eda solar.<\/div>\n<div id=\"min_ad_12191711\"><\/div>\n<div>Irarr\u00e1zabal se\u00f1al\u00f3 al respecto que \u201ccon este programa queremos apoyar a los municipios a ser parte del desarrollo energ\u00e9tico con una mirada local, desde la ciudadan\u00eda. El compromiso del Presidente Pi\u00f1era es promover una energ\u00eda con sello social y ciudadano, y qu\u00e9 mejor ejemplo que lo que estamos celebrando hoy, comunidades escolares beneficiados con energ\u00eda solar\u201d.<\/div>\n<p>Por su parte, la alcaldesa de la comuna, Carolina Leitao, afirm\u00f3 sobre la iniciativa que \u201cen Pe\u00f1alol\u00e9n estamos convencidos que la utilizaci\u00f3n de los recursos de forma eficiente debe ser desde temprana edad, por ello creemos que la inclusi\u00f3n de establecimientos educacionales, es vital para incentivar a las futuras generaciones\u201d.<\/p>\n<p>El proyecto inaugurado entregar\u00e1 generaci\u00f3n fotovoltaica anual por 169.938 kWh, adem\u00e1s de un ahorro en energ\u00eda de 17.179 kWh al a\u00f1o por el recambio de luminarias en uno de los 6 colegios, generando un ahorro total estimado de $13.793.540 anuales.<\/p>\n<p>Fuente:\u00a0<a href=\"https:\/\/www.radioagricultura.cl\/nacional\/2018\/09\/04\/inauguran-paneles-solares-en-colegio-de-la-comuna-de-penalolen.html\">https:\/\/www.radioagricultura.cl\/<\/a><\/p>\n","protected":false},"excerpt":{"rendered":"<p>Este martes el subsecretario de Energ\u00eda, Ricardo Irarr\u00e1zabal, junto a la alcaldesa de Pe\u00f1alol\u00e9n, Carolina Leitao, inaugur\u00f3 un moderno sistema fotovoltaico en el colegio Tobalaba de la comuna, como parte del proyecto \u201cColegios Solares\u201d. Esta iniciativa fue uno de los ganadores de un innovador concurso del programa \u201cComuna Energ\u00e9tica\u201d, que busca implementar propuestas energ\u00e9ticas a [&hellip;]<\/p>\n","protected":false},"author":3,"featured_media":2591,"comment_status":"open","ping_status":"open","sticky":false,"template":"","format":"standard","meta":{"footnotes":""},"categories":[3],"tags":[],"class_list":["post-2590","post","type-post","status-publish","format-standard","has-post-thumbnail","hentry","category-noticias"],"_links":{"self":[{"href":"https:\/\/autoconsumo.minenergia.cl\/index.php?rest_route=\/wp\/v2\/posts\/2590","targetHints":{"allow":["GET"]}}],"collection":[{"href":"https:\/\/autoconsumo.minenergia.cl\/index.php?rest_route=\/wp\/v2\/posts"}],"about":[{"href":"https:\/\/autoconsumo.minenergia.cl\/index.php?rest_route=\/wp\/v2\/types\/post"}],"author":[{"embeddable":true,"href":"https:\/\/autoconsumo.minenergia.cl\/index.php?rest_route=\/wp\/v2\/users\/3"}],"replies":[{"embeddable":true,"href":"https:\/\/autoconsumo.minenergia.cl\/index.php?rest_route=%2Fwp%2Fv2%2Fcomments&post=2590"}],"version-history":[{"count":1,"href":"https:\/\/autoconsumo.minenergia.cl\/index.php?rest_route=\/wp\/v2\/posts\/2590\/revisions"}],"predecessor-version":[{"id":2592,"href":"https:\/\/autoconsumo.minenergia.cl\/index.php?rest_route=\/wp\/v2\/posts\/2590\/revisions\/2592"}],"wp:featuredmedia":[{"embeddable":true,"href":"https:\/\/autoconsumo.minenergia.cl\/index.php?rest_route=\/wp\/v2\/media\/2591"}],"wp:attachment":[{"href":"https:\/\/autoconsumo.minenergia.cl\/index.php?rest_route=%2Fwp%2Fv2%2Fmedia&parent=2590"}],"wp:term":[{"taxonomy":"category","embeddable":true,"href":"https:\/\/autoconsumo.minenergia.cl\/index.php?rest_route=%2Fwp%2Fv2%2Fcategories&post=2590"},{"taxonomy":"post_tag","embeddable":true,"href":"https:\/\/autoconsumo.minenergia.cl\/index.php?rest_route=%2Fwp%2Fv2%2Ftags&post=2590"}],"curies":[{"name":"wp","href":"https:\/\/api.w.org\/{rel}","templated":true}]}}