{"id":2604,"date":"2018-09-27T11:39:24","date_gmt":"2018-09-27T11:39:24","guid":{"rendered":"http:\/\/www.minenergia.cl\/autoconsumo\/?p=2604"},"modified":"2018-09-28T11:42:52","modified_gmt":"2018-09-28T11:42:52","slug":"ministerio-de-energia-y-sercotec-firman-acuerdo-de-cooperacion-para-potenciar-emprendimientos-con-energias-eficientes-y-renovables","status":"publish","type":"post","link":"https:\/\/autoconsumo.minenergia.cl\/?p=2604","title":{"rendered":"Ministerio de Energ\u00eda y Sercotec firman acuerdo de cooperaci\u00f3n para potenciar emprendimientos con energ\u00edas eficientes y renovables"},"content":{"rendered":"<p><img loading=\"lazy\" decoding=\"async\" class=\"alignnone size-full wp-image-2605\" src=\"https:\/\/autoconsumo.minenergia.cl\/wp-content\/uploads\/2018\/09\/secotec.jpg\" alt=\"\" width=\"495\" height=\"270\" srcset=\"https:\/\/autoconsumo.minenergia.cl\/wp-content\/uploads\/2018\/09\/secotec.jpg 495w, https:\/\/autoconsumo.minenergia.cl\/wp-content\/uploads\/2018\/09\/secotec-300x164.jpg 300w\" sizes=\"auto, (max-width: 495px) 100vw, 495px\" \/><\/p>\n<p>Ambas instituciones han considerado ejecutar un trabajo conjunto para orientar a los emprendimientos y emprendedores para fomentar proyectos energ\u00e9ticos, bajo la iniciativa \u201cEmprende Renovable\u201d.<\/p>\n<p>Las Pymes representan 98% de las empresas del pa\u00eds lo que genera una gran oportunidad para descentralizar la generaci\u00f3n de energ\u00eda y apoyar la modernizaci\u00f3n energ\u00e9tica del pa\u00eds.<\/p>\n<p>El subsecretario de Energ\u00eda, Ricardo Irarr\u00e1zabal, y el director nacional de Sercotec, Crist\u00f3bal Leturia, firmaron un convenio de colaboraci\u00f3n que permitir\u00e1 incluir las variables de eficiencia energ\u00e9tica y energ\u00edas renovables en instrumentos de financiamiento y programas de fomento de Sercotec.<\/p>\n<p>El acuerdo entre ambas instituciones se concret\u00f3 en el marco de la visita al Hostal Atacama Backpackers, en Providencia, emprendimiento que cuenta con bombas de calor y paneles solares obtenidos gracias a fondos gestionados con Sercotec.<\/p>\n<p>\u201cLa mini y peque\u00f1a empresa encuentra grandes barreras para implementar proyectos energ\u00e9ticos. Son inversiones importantes, con ahorros que se materializan a largo plazo, en siete u ocho a\u00f1os. Por eso, es fundamental apoyarlas para que aprovechen los beneficios de este tipo de tecnolog\u00eda. Este convenio con Sercotec va a poder apalancar recursos, y desde el Ministerio de Energ\u00eda entregaremos toda la colaboraci\u00f3n para que las Pymes tambi\u00e9n se sumen a la modernizaci\u00f3n energ\u00e9tica que hoy queremos como pa\u00eds\u201d, asegur\u00f3 el subsecretario de Energ\u00eda, Ricardo Irarr\u00e1zabal.<\/p>\n<p>Por su parte, el director nacional de Sercotec, Crist\u00f3bal Leturia, resalt\u00f3 que \u201cdesde Sercotec seguimos simplific\u00e1ndole la vida a los emprendimientos, al coraz\u00f3n de nuestra econom\u00eda, y hoy lo hacemos junto al Ministerio de Energ\u00eda para ir un paso adelante en materia de eficiencia energ\u00e9tica y de uso de Energ\u00edas Renovables. Nuestros ejecutivos, nuestros beneficiarios y los postulantes podr\u00e1n ver reflejadas nuestras preocupaciones sobre el uso de energ\u00edas limpias para que Chile crezca de forma sostenible\u201d.<\/p>\n<p>El Ministerio de Energ\u00eda tiene entre sus Mega Compromisos de la Ruta Energ\u00e9tica cuadruplicar la capacidad de generaci\u00f3n distribuida renovable de peque\u00f1a escala (hasta 300 kW) al 2022 e incentivar la eficiencia energ\u00e9tica en la MiPyme, as\u00ed como apoyar la formaci\u00f3n del sector p\u00fablico en tem\u00e1ticas energ\u00e9ticas con capacitaci\u00f3n, diagn\u00f3sticos energ\u00e9ticos, difusi\u00f3n sobre tecnolog\u00edas, proveedores y oportunidad de financiamiento.<\/p>\n<p>\u201cQueremos que muchas otras Pymes sigan el ejemplo de Claudio Kovacevic y el Hostal Atacama, que se atrevieron con las energ\u00edas renovables. Con este acuerdo vamos en esa direcci\u00f3n. El conocimiento del sector por parte de Sercotec nos permitir\u00e1 aplicar de mejor forma y mucho m\u00e1s focalizado el apoyo que puede brindar el Ministerio de Energ\u00eda a los emprendedores y emprendedoras, transmitiendo conocimientos b\u00e1sicos de energ\u00eda, mejores pr\u00e1cticas de gesti\u00f3n energ\u00e9tica y encaminando proyectos de energ\u00eda sostenible\u201d, resalt\u00f3 el subsecretario.<\/p>\n<p>Las Pymes representan 98% de las empresas del pa\u00eds, lo que genera una gran oportunidad para descentralizar la generaci\u00f3n de energ\u00eda y apoyar la modernizaci\u00f3n energ\u00e9tica del pa\u00eds.<\/p>\n<p>Fuente: <a href=\"http:\/\/www.energia.gob.cl\/tema-de-interes\/ministerio-de-energia-y-sercotec\">Ministerio de Energ\u00eda<\/a><\/p>\n","protected":false},"excerpt":{"rendered":"<p>Ambas instituciones han considerado ejecutar un trabajo conjunto para orientar a los emprendimientos y emprendedores para fomentar proyectos energ\u00e9ticos, bajo la iniciativa \u201cEmprende Renovable\u201d. Las Pymes representan 98% de las empresas del pa\u00eds lo que genera una gran oportunidad para descentralizar la generaci\u00f3n de energ\u00eda y apoyar la modernizaci\u00f3n energ\u00e9tica del pa\u00eds. El subsecretario de [&hellip;]<\/p>\n","protected":false},"author":3,"featured_media":2605,"comment_status":"open","ping_status":"open","sticky":false,"template":"","format":"standard","meta":{"footnotes":""},"categories":[3],"tags":[],"class_list":["post-2604","post","type-post","status-publish","format-standard","has-post-thumbnail","hentry","category-noticias"],"_links":{"self":[{"href":"https:\/\/autoconsumo.minenergia.cl\/index.php?rest_route=\/wp\/v2\/posts\/2604","targetHints":{"allow":["GET"]}}],"collection":[{"href":"https:\/\/autoconsumo.minenergia.cl\/index.php?rest_route=\/wp\/v2\/posts"}],"about":[{"href":"https:\/\/autoconsumo.minenergia.cl\/index.php?rest_route=\/wp\/v2\/types\/post"}],"author":[{"embeddable":true,"href":"https:\/\/autoconsumo.minenergia.cl\/index.php?rest_route=\/wp\/v2\/users\/3"}],"replies":[{"embeddable":true,"href":"https:\/\/autoconsumo.minenergia.cl\/index.php?rest_route=%2Fwp%2Fv2%2Fcomments&post=2604"}],"version-history":[{"count":1,"href":"https:\/\/autoconsumo.minenergia.cl\/index.php?rest_route=\/wp\/v2\/posts\/2604\/revisions"}],"predecessor-version":[{"id":2606,"href":"https:\/\/autoconsumo.minenergia.cl\/index.php?rest_route=\/wp\/v2\/posts\/2604\/revisions\/2606"}],"wp:featuredmedia":[{"embeddable":true,"href":"https:\/\/autoconsumo.minenergia.cl\/index.php?rest_route=\/wp\/v2\/media\/2605"}],"wp:attachment":[{"href":"https:\/\/autoconsumo.minenergia.cl\/index.php?rest_route=%2Fwp%2Fv2%2Fmedia&parent=2604"}],"wp:term":[{"taxonomy":"category","embeddable":true,"href":"https:\/\/autoconsumo.minenergia.cl\/index.php?rest_route=%2Fwp%2Fv2%2Fcategories&post=2604"},{"taxonomy":"post_tag","embeddable":true,"href":"https:\/\/autoconsumo.minenergia.cl\/index.php?rest_route=%2Fwp%2Fv2%2Ftags&post=2604"}],"curies":[{"name":"wp","href":"https:\/\/api.w.org\/{rel}","templated":true}]}}