{"id":2607,"date":"2018-09-28T12:00:56","date_gmt":"2018-09-28T12:00:56","guid":{"rendered":"http:\/\/www.minenergia.cl\/autoconsumo\/?p=2607"},"modified":"2018-09-28T12:32:53","modified_gmt":"2018-09-28T12:32:53","slug":"con-exito-se-realizo-seminario-potencial-en-energias-renovables-en-la-agricultura","status":"publish","type":"post","link":"https:\/\/autoconsumo.minenergia.cl\/?p=2607","title":{"rendered":"Con \u00e9xito se realiz\u00f3 \u201cSeminario Potencial en Energ\u00edas Renovables en la Agricultura\u201d en la Regi\u00f3n del Maule"},"content":{"rendered":"<p><img loading=\"lazy\" decoding=\"async\" class=\"alignnone size-full wp-image-2608\" src=\"https:\/\/autoconsumo.minenergia.cl\/wp-content\/uploads\/2018\/09\/seminario-linares.jpg\" alt=\"\" width=\"800\" height=\"532\" srcset=\"https:\/\/autoconsumo.minenergia.cl\/wp-content\/uploads\/2018\/09\/seminario-linares.jpg 800w, https:\/\/autoconsumo.minenergia.cl\/wp-content\/uploads\/2018\/09\/seminario-linares-300x200.jpg 300w, https:\/\/autoconsumo.minenergia.cl\/wp-content\/uploads\/2018\/09\/seminario-linares-768x511.jpg 768w, https:\/\/autoconsumo.minenergia.cl\/wp-content\/uploads\/2018\/09\/seminario-linares-660x439.jpg 660w\" sizes=\"auto, (max-width: 800px) 100vw, 800px\" \/><\/p>\n<p>Con gran convocatoria se realiz\u00f3 el primer \u201cSeminario Potencial en Energ\u00edas Renovables en la Agricultura\u201d bajo la Ruta Energ\u00e9tica 2018-2022, jornada abierta a los empresarios y agricultores de la provincia, el que tuvo lugar en la Gobernaci\u00f3n Provincial de Linares.<br \/>\nLiderado por la Seremi de energia, Anita Prizant, en compa\u00f1\u00eda de la m\u00e1xima autoridad provincial, Mar\u00eda Claudia Jorquera; la Seremi de Agricultura, Carolina Torres y el Seremi de Gobierno, Jorge Guzm\u00e1n, se llev\u00f3 a cabo esta actividad que se desarrolla en el marco del Eje 4 que comprende el fomento y competencia en el mercado de generaci\u00f3n distribuida y autoconsumo.<\/p>\n<p>Para la m\u00e1xima autoridad provincial, Mar\u00eda Claudia Jorquera, \u201ceste seminario viene a entregar herramientas a los agricultores para que ellos puedan postular a fondos que existen hoy d\u00eda y que de alguna manera podamos contribuir al medio ambiente. Tal como lo plantea el Presidente Sebasti\u00e1n Pi\u00f1era, estamos trabajando como Gobierno a cuidar nuestro entorno para lograr una mejor calidad de vida\u201d.\u00a0Con esto se busca fomentar las energ\u00edas renovables para la autogeneraci\u00f3n a nivel nacional a trav\u00e9s de programas de inversi\u00f3n p\u00fablica, con la finalidad de introducir los beneficios de la generaci\u00f3n distribuida en concursos de la Ley de Fomento al Riego, dicho plan comprende el seguimiento de los proyectos de energ\u00edas renovables bonificadas mediante la Ley 18.450, as\u00ed como el fortalecimiento de capacidades t\u00e9cnicas a nivel institucional, de organizaciones de usuarios de agua, agricultores y consultores de riego.<\/p>\n<p>El Ministerio de Energ\u00eda ha desarrollo la \u201cRuta Energ\u00e9tica 2018-2022\u201d, una iniciativa que contiene los compromisos sectoriales de la cartera en dicho periodo, dentro de siete ejes estrat\u00e9gicos; modernizaci\u00f3n energ\u00e9tica, energ\u00eda con sello social, desarrollo energ\u00e9tico, energ\u00eda baja en emisiones, transporte sustentable, eficiencia energ\u00e9tica y educaci\u00f3n y capacitaci\u00f3n energ\u00e9tica.<\/p>\n<p>Fuente:\u00a0<a href=\"http:\/\/www.diarioelheraldo.cl\/noticia\/con-exito-se-realizo-seminario-potencial-en-energias-renovables-en-la-agricultura\">http:\/\/www.diarioelheraldo.cl<\/a><\/p>\n","protected":false},"excerpt":{"rendered":"<p>Con gran convocatoria se realiz\u00f3 el primer \u201cSeminario Potencial en Energ\u00edas Renovables en la Agricultura\u201d bajo la Ruta Energ\u00e9tica 2018-2022, jornada abierta a los empresarios y agricultores de la provincia, el que tuvo lugar en la Gobernaci\u00f3n Provincial de Linares. Liderado por la Seremi de energia, Anita Prizant, en compa\u00f1\u00eda de la m\u00e1xima autoridad provincial, [&hellip;]<\/p>\n","protected":false},"author":3,"featured_media":2608,"comment_status":"open","ping_status":"open","sticky":false,"template":"","format":"standard","meta":{"footnotes":""},"categories":[3],"tags":[],"class_list":["post-2607","post","type-post","status-publish","format-standard","has-post-thumbnail","hentry","category-noticias"],"_links":{"self":[{"href":"https:\/\/autoconsumo.minenergia.cl\/index.php?rest_route=\/wp\/v2\/posts\/2607","targetHints":{"allow":["GET"]}}],"collection":[{"href":"https:\/\/autoconsumo.minenergia.cl\/index.php?rest_route=\/wp\/v2\/posts"}],"about":[{"href":"https:\/\/autoconsumo.minenergia.cl\/index.php?rest_route=\/wp\/v2\/types\/post"}],"author":[{"embeddable":true,"href":"https:\/\/autoconsumo.minenergia.cl\/index.php?rest_route=\/wp\/v2\/users\/3"}],"replies":[{"embeddable":true,"href":"https:\/\/autoconsumo.minenergia.cl\/index.php?rest_route=%2Fwp%2Fv2%2Fcomments&post=2607"}],"version-history":[{"count":3,"href":"https:\/\/autoconsumo.minenergia.cl\/index.php?rest_route=\/wp\/v2\/posts\/2607\/revisions"}],"predecessor-version":[{"id":2614,"href":"https:\/\/autoconsumo.minenergia.cl\/index.php?rest_route=\/wp\/v2\/posts\/2607\/revisions\/2614"}],"wp:featuredmedia":[{"embeddable":true,"href":"https:\/\/autoconsumo.minenergia.cl\/index.php?rest_route=\/wp\/v2\/media\/2608"}],"wp:attachment":[{"href":"https:\/\/autoconsumo.minenergia.cl\/index.php?rest_route=%2Fwp%2Fv2%2Fmedia&parent=2607"}],"wp:term":[{"taxonomy":"category","embeddable":true,"href":"https:\/\/autoconsumo.minenergia.cl\/index.php?rest_route=%2Fwp%2Fv2%2Fcategories&post=2607"},{"taxonomy":"post_tag","embeddable":true,"href":"https:\/\/autoconsumo.minenergia.cl\/index.php?rest_route=%2Fwp%2Fv2%2Ftags&post=2607"}],"curies":[{"name":"wp","href":"https:\/\/api.w.org\/{rel}","templated":true}]}}