{"id":2611,"date":"2018-09-28T12:32:16","date_gmt":"2018-09-28T12:32:16","guid":{"rendered":"http:\/\/www.minenergia.cl\/autoconsumo\/?p=2611"},"modified":"2018-09-28T12:32:16","modified_gmt":"2018-09-28T12:32:16","slug":"tres-ganadores-se-repartiran-mas-de-500-millones-para-realizar-proyectos-de-energia-solar-en-arica","status":"publish","type":"post","link":"https:\/\/autoconsumo.minenergia.cl\/?p=2611","title":{"rendered":"Tres ganadores se repartir\u00e1n m\u00e1s de $500 millones para realizar proyectos de energ\u00eda solar en Arica"},"content":{"rendered":"<p><img loading=\"lazy\" decoding=\"async\" class=\"alignnone size-full wp-image-2612\" src=\"https:\/\/autoconsumo.minenergia.cl\/wp-content\/uploads\/2018\/09\/500-millones-arica.jpg\" alt=\"\" width=\"678\" height=\"381\" srcset=\"https:\/\/autoconsumo.minenergia.cl\/wp-content\/uploads\/2018\/09\/500-millones-arica.jpg 678w, https:\/\/autoconsumo.minenergia.cl\/wp-content\/uploads\/2018\/09\/500-millones-arica-300x169.jpg 300w, https:\/\/autoconsumo.minenergia.cl\/wp-content\/uploads\/2018\/09\/500-millones-arica-660x371.jpg 660w\" sizes=\"auto, (max-width: 678px) 100vw, 678px\" \/><\/p>\n<p><strong><em>Ceremonia de adjudicaci\u00f3n de los proyectos ganadores se realiz\u00f3 este martes en la Universidad de Tarapac\u00e1 con gran entusiasmo y participaci\u00f3n de las comunidades ganadoras.<\/em><\/strong><\/p>\n<p>Con la ceremonia de adjudicaci\u00f3n de los ganadores de Mi Ayllu Solar se oficializaron los resultados de Mi Ayllu Solar, convocatoria que entregar\u00e1 desde hoy $540 millones en total a tres proyectos de alto impacto que generen valor social para su entorno y utilicen la energ\u00eda solar como base de realizaci\u00f3n.<\/p>\n<p>Los ganadores corresponden a iniciativas que se realizar\u00e1n en Pampa Concordia, Chucuruma y en el sector La Estrella, a trav\u00e9s de la innovaci\u00f3n y del uso de la energ\u00eda solar para proponer proyectos productivos enfocados al desarrollo de las comunidades.<\/p>\n<p>Segundo Centella es presidente de la Comunidad Ind\u00edgena Aymara La Estrella y junto a su comunidad est\u00e1 muy agradecido de esta posibilidad \u201ctenemos una gran responsabilidad por delante pero sabemos que podemos llevarla a cabo. Agradecemos a Ayllu Solar y a Fundaci\u00f3n BHP este premio que nos va a permitir desarrollar la econom\u00eda del sector y poder atraer a las nuevas generaciones para que vuelvan a vivir ah\u00ed\u201d, asegur\u00f3.<\/p>\n<p>Para el dirigente de los peque\u00f1os agricultores de Pampa Concordia, Juan Carlos C\u00e1rdenas, este premio nos da un impulso para conformar nuestra agrupaci\u00f3n y poder comercializar nuestros productos. Ahora vamos a poder tener una casa para nuestros clientes con la ayuda de este premio\u201d.<\/p>\n<p>Rodrigo Palma, director del proyecto Ayllu Solar, \u201cestas iniciativas con foco productivo fomentan y propagan el conocimiento y el uso de la energ\u00eda solar en las comunidades de la regi\u00f3n, que es nuestro principal objetivo, as\u00ed mismo permite a las comunidades y agricultores poder hacer crecer sus proyectos de negocios\u201d, asegur\u00f3.<\/p>\n<p>En el mismo sentido, el Seremi de Energ\u00eda Cristian Fuentes, indic\u00f3 que es muy inspirador que las comunidades se junten y hagan proyectos productivos en base a las ERNC. Esta es una manera muy potente para que la comunidad se interese y puedan realizar estas ideas y como ministerio estamos muy contentos y cooperaremos para poder llevar estos proyectos a cabo\u201d.<\/p>\n<p><strong>Ganadores<\/strong><br \/>\n\u2013 Reactivar actividad agropecuaria en la precordillera mediante el uso de la energi\u0301a solar y uso eficiente del agua. La Estrella.<\/p>\n<p>\u2013 Construccio\u0301n de Packing Solar de Tomate para la Agrupacio\u0301n de pequen\u0303os agricultores de Arica Parinacota \u2013 Pampa Concordia<\/p>\n<p>\u2013 Reactivar y poner en funcionamiento el centro de procesamiento y packing de la Comunidad Indi\u0301gena Aymara Chucuruma mediante ERNC<\/p>\n<p><strong>Acerca de Ayllu Solar<\/strong><br \/>\nEl proyecto Ayllu Solar es una iniciativa desarrollada por SERC-Chile, con el apoyo de Fundaci\u00f3n BHP y Fundaci\u00f3n Chile como socios estrat\u00e9gicos. Su objetivo es colaborar con la Regi\u00f3n de Arica y Parinacota para que las comunidades urbanas y rurales de la regi\u00f3n alcancen el desarrollo sustentable a trav\u00e9s del uso de la energ\u00eda solar; el proceso se basa en soluciones energ\u00e9ticas, de capital humano y sustentabilidad.<\/p>\n<p>SERC Chile est\u00e1 conformado por la Universidad de Chile, la Universidad de Tarapac\u00e1, la Universidad de Antofagasta, La Universidad T\u00e9cnica Federico Santa Mar\u00eda, la Universidad Adolfo Iba\u00f1ez, la Universidad de Concepci\u00f3n, la Pontificia Universidad Cat\u00f3lica de Chile, y Fraunhofer Chile.<\/p>\n<p>Fuente:\u00a0<a href=\"http:\/\/www.aricamia.cl\/tres-ganadores-se-repartiran-mas-de-500-millones-para-realizar-proyectos-de-energia-solar-en-arica\/\">http:\/\/www.aricamia.cl<\/a><\/p>\n","protected":false},"excerpt":{"rendered":"<p>Ceremonia de adjudicaci\u00f3n de los proyectos ganadores se realiz\u00f3 este martes en la Universidad de Tarapac\u00e1 con gran entusiasmo y participaci\u00f3n de las comunidades ganadoras. Con la ceremonia de adjudicaci\u00f3n de los ganadores de Mi Ayllu Solar se oficializaron los resultados de Mi Ayllu Solar, convocatoria que entregar\u00e1 desde hoy $540 millones en total a [&hellip;]<\/p>\n","protected":false},"author":3,"featured_media":2612,"comment_status":"open","ping_status":"open","sticky":false,"template":"","format":"standard","meta":{"footnotes":""},"categories":[3],"tags":[],"class_list":["post-2611","post","type-post","status-publish","format-standard","has-post-thumbnail","hentry","category-noticias"],"_links":{"self":[{"href":"https:\/\/autoconsumo.minenergia.cl\/index.php?rest_route=\/wp\/v2\/posts\/2611","targetHints":{"allow":["GET"]}}],"collection":[{"href":"https:\/\/autoconsumo.minenergia.cl\/index.php?rest_route=\/wp\/v2\/posts"}],"about":[{"href":"https:\/\/autoconsumo.minenergia.cl\/index.php?rest_route=\/wp\/v2\/types\/post"}],"author":[{"embeddable":true,"href":"https:\/\/autoconsumo.minenergia.cl\/index.php?rest_route=\/wp\/v2\/users\/3"}],"replies":[{"embeddable":true,"href":"https:\/\/autoconsumo.minenergia.cl\/index.php?rest_route=%2Fwp%2Fv2%2Fcomments&post=2611"}],"version-history":[{"count":1,"href":"https:\/\/autoconsumo.minenergia.cl\/index.php?rest_route=\/wp\/v2\/posts\/2611\/revisions"}],"predecessor-version":[{"id":2613,"href":"https:\/\/autoconsumo.minenergia.cl\/index.php?rest_route=\/wp\/v2\/posts\/2611\/revisions\/2613"}],"wp:featuredmedia":[{"embeddable":true,"href":"https:\/\/autoconsumo.minenergia.cl\/index.php?rest_route=\/wp\/v2\/media\/2612"}],"wp:attachment":[{"href":"https:\/\/autoconsumo.minenergia.cl\/index.php?rest_route=%2Fwp%2Fv2%2Fmedia&parent=2611"}],"wp:term":[{"taxonomy":"category","embeddable":true,"href":"https:\/\/autoconsumo.minenergia.cl\/index.php?rest_route=%2Fwp%2Fv2%2Fcategories&post=2611"},{"taxonomy":"post_tag","embeddable":true,"href":"https:\/\/autoconsumo.minenergia.cl\/index.php?rest_route=%2Fwp%2Fv2%2Ftags&post=2611"}],"curies":[{"name":"wp","href":"https:\/\/api.w.org\/{rel}","templated":true}]}}