{"id":2615,"date":"2018-10-01T12:02:07","date_gmt":"2018-10-01T12:02:07","guid":{"rendered":"http:\/\/www.minenergia.cl\/autoconsumo\/?p=2615"},"modified":"2018-10-01T12:02:07","modified_gmt":"2018-10-01T12:02:07","slug":"paneles-fotovoltaicos-permitiran-un-ahorro-anual-de-mas-de-20-millones-de-pesos","status":"publish","type":"post","link":"https:\/\/autoconsumo.minenergia.cl\/?p=2615","title":{"rendered":"Paneles fotovoltaicos permitir\u00e1n un ahorro anual de m\u00e1s de 20 millones de pesos"},"content":{"rendered":"<p><strong>En Hospital Regional. Se concret\u00f3 en el marco del programa \u201cTechos Solares P\u00fablicos\u201d, que representa un esfuerzo del Gobierno y el sector p\u00fablico por dar el ejemplo en la adopci\u00f3n de energ\u00edas cada vez m\u00e1s limpias y m\u00e1s eficientes.<\/strong><\/p>\n<p><img loading=\"lazy\" decoding=\"async\" class=\"alignnone size-full wp-image-2616\" src=\"https:\/\/autoconsumo.minenergia.cl\/wp-content\/uploads\/2018\/10\/PTSP-Talca.jpg\" alt=\"\" width=\"528\" height=\"300\" srcset=\"https:\/\/autoconsumo.minenergia.cl\/wp-content\/uploads\/2018\/10\/PTSP-Talca.jpg 528w, https:\/\/autoconsumo.minenergia.cl\/wp-content\/uploads\/2018\/10\/PTSP-Talca-300x170.jpg 300w\" sizes=\"auto, (max-width: 528px) 100vw, 528px\" \/><\/p>\n<p><strong>TALCA.<\/strong>\u00a0El intendente, Pablo Milad, junto con el subsecretario de Energ\u00eda, Ricardo Irarr\u00e1zaval, encabezaron la inauguraci\u00f3n de paneles fotovoltaicos en el Hospital Regional de Talca, los cuales aportar\u00e1n una generaci\u00f3n de energ\u00eda que equivale a un 2% de autoconsumo del establecimiento.<\/p>\n<p>Esta iniciativa se concret\u00f3 en el marco del programa \u201cTechos Solares P\u00fablicos\u201d, el cual representa un esfuerzo del Gobierno y el sector p\u00fablico por dar el ejemplo en la adopci\u00f3n de energ\u00edas cada vez m\u00e1s limpias y m\u00e1s eficientes, a trav\u00e9s de la implementaci\u00f3n de sistemas fotovoltaicos para autoconsumo en distintos edificios p\u00fablicos.<\/p>\n<p>Para concretar la instalaci\u00f3n del Sistema Fotovoltaico (FV), se realiz\u00f3 una licitaci\u00f3n p\u00fablica, comprometiendo una inversi\u00f3n de 115 millones de pesos. \u201cQuiero hablar de la voluntad ecol\u00f3gica, encomendada por el Presidente Sebasti\u00e1n Pi\u00f1era, establecer una normativa en la cual todas las instituciones y proyectos est\u00e9n incorporando energ\u00edas renovables y sustentables en el tiempo, como la energ\u00eda solar, hoy presente en el Hospital Regional de Talca, donde va a favorecer en una econom\u00eda del 2% del total de gasto anual del establecimiento para canalizar esos fondos en beneficios p\u00fablicos y esa es la idea bajar los costos de consumo el\u00e9ctrico para ser canalizado en otras necesidades de nuestra regi\u00f3n y pa\u00eds\u201d, sostuvo el intendente Milad, al intervenir en el acto.<\/p>\n<p><strong>POTENCIA<\/strong><\/p>\n<p>Esta inversi\u00f3n signific\u00f3 instalar 160 kWp de potencia, sobre la cubierta del Centro de Diagn\u00f3stico Terap\u00e9utico (CDT) del Hospital. Este conjunto de paneles aportar\u00e1n una generaci\u00f3n de energ\u00eda propia que equivale a un 2% de autoconsumo del establecimiento.<\/p>\n<p>\u201cMuy contento con la invitaci\u00f3n del intendente de venir a inaugurar lo que son los paneles fotovoltaicos en el Hospital de Talca, porque es muy importante, ya que la eficiencia energ\u00e9tica est\u00e1 tomando a nivel pa\u00eds un ritmo muy relevante. La ministra, Susana Jim\u00e9nez y el Presidente, Sebasti\u00e1n Pi\u00f1era, nos han pedido que preparemos un proyecto de Ley sobre eficiencia energ\u00e9tica, el que ingresamos hace dos semanas al Congreso Nacional y con el que pretendemos que la eficiencia energ\u00e9tica sea un tremendo mecanismo, no solo para el cuidado de los recursos, sino que tambi\u00e9n para lo que significa el cuidado del planeta\u201d, sostuvo el subsecretario de Energ\u00eda.<\/p>\n<p><strong>AHORRO DE ENERG\u00cdA<\/strong><\/p>\n<p>El ahorro de la energ\u00eda con estos paneles permitir\u00eda abastecer unas 138 casas durante un a\u00f1o y significar\u00e1 para el hospital un ahorro en la cuenta de la factura el\u00e9ctrica de aproximadamente 20 millones 646 mil 307 pesos al a\u00f1o.<\/p>\n<p>Se beneficiar\u00e1n indirectamente con este proyecto fotovoltaico, los usuarios del hospital, donde se realizaron durante al a\u00f1o anterior 104 mil consultas de urgencia, 232 mil consultas de especialidad, 367 mil procedimientos ambulatorios, y m\u00e1s de 20 mil cirug\u00edas.<\/p>\n<p>Adem\u00e1s, este conjunto de proyectos evitar\u00e1n la emisi\u00f3n de casi 99 toneladas de CO2 equivalente, aportando a la disminuci\u00f3n de los efectos del cambio clim\u00e1tico.<\/p>\n<p>Fuente: <a href=\"https:\/\/www.diariolaprensa.cl\/region\/paneles-fotovoltaicos-permitiran-un-ahorro-anual-de-mas-de-20-millones-de-pesos\/\">https:\/\/www.diariolaprensa.cl\/<\/a><\/p>\n","protected":false},"excerpt":{"rendered":"<p>En Hospital Regional. Se concret\u00f3 en el marco del programa \u201cTechos Solares P\u00fablicos\u201d, que representa un esfuerzo del Gobierno y el sector p\u00fablico por dar el ejemplo en la adopci\u00f3n de energ\u00edas cada vez m\u00e1s limpias y m\u00e1s eficientes. TALCA.\u00a0El intendente, Pablo Milad, junto con el subsecretario de Energ\u00eda, Ricardo Irarr\u00e1zaval, encabezaron la inauguraci\u00f3n de [&hellip;]<\/p>\n","protected":false},"author":3,"featured_media":2616,"comment_status":"open","ping_status":"open","sticky":false,"template":"","format":"standard","meta":{"footnotes":""},"categories":[3],"tags":[],"class_list":["post-2615","post","type-post","status-publish","format-standard","has-post-thumbnail","hentry","category-noticias"],"_links":{"self":[{"href":"https:\/\/autoconsumo.minenergia.cl\/index.php?rest_route=\/wp\/v2\/posts\/2615","targetHints":{"allow":["GET"]}}],"collection":[{"href":"https:\/\/autoconsumo.minenergia.cl\/index.php?rest_route=\/wp\/v2\/posts"}],"about":[{"href":"https:\/\/autoconsumo.minenergia.cl\/index.php?rest_route=\/wp\/v2\/types\/post"}],"author":[{"embeddable":true,"href":"https:\/\/autoconsumo.minenergia.cl\/index.php?rest_route=\/wp\/v2\/users\/3"}],"replies":[{"embeddable":true,"href":"https:\/\/autoconsumo.minenergia.cl\/index.php?rest_route=%2Fwp%2Fv2%2Fcomments&post=2615"}],"version-history":[{"count":1,"href":"https:\/\/autoconsumo.minenergia.cl\/index.php?rest_route=\/wp\/v2\/posts\/2615\/revisions"}],"predecessor-version":[{"id":2617,"href":"https:\/\/autoconsumo.minenergia.cl\/index.php?rest_route=\/wp\/v2\/posts\/2615\/revisions\/2617"}],"wp:featuredmedia":[{"embeddable":true,"href":"https:\/\/autoconsumo.minenergia.cl\/index.php?rest_route=\/wp\/v2\/media\/2616"}],"wp:attachment":[{"href":"https:\/\/autoconsumo.minenergia.cl\/index.php?rest_route=%2Fwp%2Fv2%2Fmedia&parent=2615"}],"wp:term":[{"taxonomy":"category","embeddable":true,"href":"https:\/\/autoconsumo.minenergia.cl\/index.php?rest_route=%2Fwp%2Fv2%2Fcategories&post=2615"},{"taxonomy":"post_tag","embeddable":true,"href":"https:\/\/autoconsumo.minenergia.cl\/index.php?rest_route=%2Fwp%2Fv2%2Ftags&post=2615"}],"curies":[{"name":"wp","href":"https:\/\/api.w.org\/{rel}","templated":true}]}}