{"id":2622,"date":"2018-10-16T18:01:23","date_gmt":"2018-10-16T18:01:23","guid":{"rendered":"http:\/\/www.minenergia.cl\/autoconsumo\/?p=2622"},"modified":"2018-10-16T18:02:17","modified_gmt":"2018-10-16T18:02:17","slug":"energia-adjudica-22-millones-de-pesos-a-asociacion-indigena-ketrawe-mapu-para-proyecto-fotovoltaico","status":"publish","type":"post","link":"https:\/\/autoconsumo.minenergia.cl\/?p=2622","title":{"rendered":"Energ\u00eda adjudica 22 millones de pesos a asociaci\u00f3n ind\u00edgena Ketrawe Mapu para proyecto fotovoltaico"},"content":{"rendered":"<p><img loading=\"lazy\" decoding=\"async\" class=\"alignnone size-full wp-image-2623\" src=\"https:\/\/autoconsumo.minenergia.cl\/wp-content\/uploads\/2018\/10\/proyecto_fae_asoc_indigena_ketrawe_mapu.jpg\" alt=\"\" width=\"960\" height=\"300\" srcset=\"https:\/\/autoconsumo.minenergia.cl\/wp-content\/uploads\/2018\/10\/proyecto_fae_asoc_indigena_ketrawe_mapu.jpg 960w, https:\/\/autoconsumo.minenergia.cl\/wp-content\/uploads\/2018\/10\/proyecto_fae_asoc_indigena_ketrawe_mapu-300x94.jpg 300w, https:\/\/autoconsumo.minenergia.cl\/wp-content\/uploads\/2018\/10\/proyecto_fae_asoc_indigena_ketrawe_mapu-768x240.jpg 768w, https:\/\/autoconsumo.minenergia.cl\/wp-content\/uploads\/2018\/10\/proyecto_fae_asoc_indigena_ketrawe_mapu-660x206.jpg 660w\" sizes=\"auto, (max-width: 960px) 100vw, 960px\" \/><\/p>\n<p>\u2022 La agrupaci\u00f3n productora ubicada en el sector de Agua Fresca (25 km al sur de Punta Arenas), re\u00fane a 65 socios que se ver\u00e1n beneficiados con la instalaci\u00f3n de paneles solares para energizar un sistema de refrigeraci\u00f3n modular.<\/p>\n<p>\u2022 La iniciativa apunta a mejorar el rendimiento de su producci\u00f3n hortofrut\u00edcola.<\/p>\n<p>En los invernaderos de la Asociaci\u00f3n Ind\u00edgena Ketrawe Mapu, su presidente, do\u00f1a Bernardita Villal\u00f3n Ojeda, expectante esperaba al Seremi de Energ\u00eda de Magallanes, Nolberto S\u00e1ez.<\/p>\n<p>La autoridad regional llevaba el contrato listo para ser firmado por la dirigente y dar as\u00ed arranque al proyecto de energizaci\u00f3n fotovoltaica para refrigeraci\u00f3n modular.<\/p>\n<p>Ketrawe Mapu \u2013nacida en 2012- se adjudic\u00f3 recientemente los montos para financiar esta iniciativa luego que la postularan al Fondo de Acceso a la Energ\u00eda (FAE), perteneciente a la cartera del ramo.<\/p>\n<p>El proyecto \u2013de 22 millones de pesos- contempla la instalaci\u00f3n de paneles solares que suministrar\u00e1n energ\u00eda a las c\u00e1maras de fr\u00edo, donde los socios almacenar\u00e1n la producci\u00f3n hortofrut\u00edcola.<\/p>\n<p>\u201cEstoy muy contenta por habernos ganado el proyecto. Ahora nuestra producci\u00f3n puede durar m\u00e1s tiempo evitando p\u00e9rdidas. Queremos conservar nuestra cultura agr\u00edcola ancestral y esta es una manera que nos permite hacerlo\u201d, cont\u00f3 Villal\u00f3n.<\/p>\n<p>La presidenta de la asociaci\u00f3n Ind\u00edgena aprovech\u00f3 la oportunidad de se\u00f1alar que si bien faltan cosas por hacer, \u201chemos visto que este Gobierno tiene las intenciones de apoyarnos, de colaborar en nuestro progreso; entonces, feliz que este segundo Gobierno de Sebasti\u00e1n Pi\u00f1era pueda ayudarnos porque en la parte agr\u00edcola y ganadera hay que seguir trabajando [\u2026] Pero contentos porque hemos visto el apoyo del Gobierno\u201d, sostuvo la representante de los asociados.<\/p>\n<p>Por su parte, el Seremi S\u00e1ez destac\u00f3 la importancia de una \u201cproducci\u00f3n sustentable\u201d.<\/p>\n<p>\u201cLa alegr\u00eda de los beneficiados es la alegr\u00eda nuestra. Estamos apoyando con este proyecto de energ\u00edas renovables una producci\u00f3n de alta calidad y sustentable. El mundo nos pide \u2013por nuestro propio bien- que vayamos en esa direcci\u00f3n y como Gobierno, as\u00ed lo seguiremos haciendo\u201d, dijo el Seremi S\u00e1ez.<\/p>\n<p>S\u00e1ez resalt\u00f3 que el esfuerzo de la asociaci\u00f3n se ha visto recompensado, mostr\u00e1ndose adem\u00e1s como un ejemplo que entrega importantes mensajes.<\/p>\n<p>\u201cEste proyecto muestra varios elementos; por un lado, que las energ\u00edas renovables se est\u00e1n relacionando cada vez m\u00e1s con los emprendimientos exitosos liderados por mujeres y, por otro, que esta convergencia se har\u00e1 sostenidamente m\u00e1s necesaria, y frente a eso, nuestro Gobierno a trav\u00e9s de la Ministra Susana Jim\u00e9nez, han trazado una clara Ruta Energ\u00e9tica que contempla hacerse cargo decididamente de esta realidad\u201d.<\/p>\n<p>Se espera que el sistema de energizaci\u00f3n sea entregado antes de fin de a\u00f1o, fecha en la que Energ\u00eda abrir\u00e1 una nueva postulaci\u00f3n a los FAE para ser adjudicados durante el 2019.<\/p>\n","protected":false},"excerpt":{"rendered":"<p>\u2022 La agrupaci\u00f3n productora ubicada en el sector de Agua Fresca (25 km al sur de Punta Arenas), re\u00fane a 65 socios que se ver\u00e1n beneficiados con la instalaci\u00f3n de paneles solares para energizar un sistema de refrigeraci\u00f3n modular. \u2022 La iniciativa apunta a mejorar el rendimiento de su producci\u00f3n hortofrut\u00edcola. En los invernaderos de [&hellip;]<\/p>\n","protected":false},"author":3,"featured_media":2625,"comment_status":"open","ping_status":"open","sticky":false,"template":"","format":"standard","meta":{"footnotes":""},"categories":[3],"tags":[],"class_list":["post-2622","post","type-post","status-publish","format-standard","has-post-thumbnail","hentry","category-noticias"],"_links":{"self":[{"href":"https:\/\/autoconsumo.minenergia.cl\/index.php?rest_route=\/wp\/v2\/posts\/2622","targetHints":{"allow":["GET"]}}],"collection":[{"href":"https:\/\/autoconsumo.minenergia.cl\/index.php?rest_route=\/wp\/v2\/posts"}],"about":[{"href":"https:\/\/autoconsumo.minenergia.cl\/index.php?rest_route=\/wp\/v2\/types\/post"}],"author":[{"embeddable":true,"href":"https:\/\/autoconsumo.minenergia.cl\/index.php?rest_route=\/wp\/v2\/users\/3"}],"replies":[{"embeddable":true,"href":"https:\/\/autoconsumo.minenergia.cl\/index.php?rest_route=%2Fwp%2Fv2%2Fcomments&post=2622"}],"version-history":[{"count":1,"href":"https:\/\/autoconsumo.minenergia.cl\/index.php?rest_route=\/wp\/v2\/posts\/2622\/revisions"}],"predecessor-version":[{"id":2624,"href":"https:\/\/autoconsumo.minenergia.cl\/index.php?rest_route=\/wp\/v2\/posts\/2622\/revisions\/2624"}],"wp:featuredmedia":[{"embeddable":true,"href":"https:\/\/autoconsumo.minenergia.cl\/index.php?rest_route=\/wp\/v2\/media\/2625"}],"wp:attachment":[{"href":"https:\/\/autoconsumo.minenergia.cl\/index.php?rest_route=%2Fwp%2Fv2%2Fmedia&parent=2622"}],"wp:term":[{"taxonomy":"category","embeddable":true,"href":"https:\/\/autoconsumo.minenergia.cl\/index.php?rest_route=%2Fwp%2Fv2%2Fcategories&post=2622"},{"taxonomy":"post_tag","embeddable":true,"href":"https:\/\/autoconsumo.minenergia.cl\/index.php?rest_route=%2Fwp%2Fv2%2Ftags&post=2622"}],"curies":[{"name":"wp","href":"https:\/\/api.w.org\/{rel}","templated":true}]}}