{"id":2626,"date":"2018-10-19T11:47:37","date_gmt":"2018-10-19T11:47:37","guid":{"rendered":"http:\/\/www.minenergia.cl\/autoconsumo\/?p=2626"},"modified":"2018-10-19T11:53:11","modified_gmt":"2018-10-19T11:53:11","slug":"adolescentes-se-encaminan-a-la-reinsercion-social-con-cursos-de-electricidad-basica-y-energias-renovables","status":"publish","type":"post","link":"https:\/\/autoconsumo.minenergia.cl\/?p=2626","title":{"rendered":"Adolescentes se encaminan a la reinserci\u00f3n social con cursos de electricidad b\u00e1sica y energ\u00edas renovables"},"content":{"rendered":"<p><strong><img loading=\"lazy\" decoding=\"async\" class=\"alignnone size-full wp-image-2627\" src=\"https:\/\/autoconsumo.minenergia.cl\/wp-content\/uploads\/2018\/10\/sename-fv.jpg\" alt=\"\" width=\"660\" height=\"440\" srcset=\"https:\/\/autoconsumo.minenergia.cl\/wp-content\/uploads\/2018\/10\/sename-fv.jpg 660w, https:\/\/autoconsumo.minenergia.cl\/wp-content\/uploads\/2018\/10\/sename-fv-300x200.jpg 300w\" sizes=\"auto, (max-width: 660px) 100vw, 660px\" \/><\/strong><\/p>\n<p><strong>Gracias a recursos del Servicio Nacional de Menores (Sename), ocho j\u00f3venes que se encuentran cumpliendo penas privativas de libertad pudieron capacitarse en esta \u00e1rea.<\/strong><\/p>\n<p>La Regi\u00f3n de Coquimbo es un polo de generaci\u00f3n de energ\u00eda limpia. Las iniciativas que se desarrollan en esta materia son variadas y abren un campo laboral que exige una preparaci\u00f3n espec\u00edfica. La ruta energ\u00e9tica 2018-2022, impulsada por el Gobierno, pretende formar 6 mil futuros operarios, t\u00e9cnicos y profesionales.<\/p>\n<p>A ello quisieron apuntar en el centro de justicia juvenil del Servicio Nacional de Menores (Sename) en La Serena, donde ocho j\u00f3venes se certificaron en electricidad b\u00e1sica y energ\u00edas renovables. Durante la ceremonia, los adolescentes en compa\u00f1\u00eda de sus familias recibieron orgullosos los certificados que acreditan que, una vez finalizada su condena, podr\u00e1n desarrollarse en este campo laboral.<\/p>\n<p>Para la seremi de Justicia y Derechos Humanos, Alejandra Valdovinos, \u201ces fundamental entregar a los j\u00f3venes las herramientas necesarias para que puedan volver a sus familias, buscar un trabajo y acceder a educaci\u00f3n, es decir, todo lo que conlleve a rearmar sus vidas y desenvolverse en la sociedad\u201d.<\/p>\n<p>En tanto, Ver\u00f3nica Z\u00e1rate, directora del Sename Coquimbo, junto con destacar la importancia del apoyo familiar, se\u00f1al\u00f3 que \u201chubo mucho esfuerzo de su parte para cumplir con este desaf\u00edo y obtener el certificado. Tienen la oportunidad, a trav\u00e9s de las capacitaciones, la nivelaci\u00f3n escolar y el trabajo que hacen los equipos profesionales, para seguir por el camino que les entregue una opci\u00f3n de vida distinta\u201d, sostuvo la directora regional.<\/p>\n<p>Los adolescentes valoraron la instancia de aprendizaje. Maite (17), la \u00fanica mujer que particip\u00f3 del curso, manifest\u00f3 que \u201ccuando salga espero poder utilizar el certificado y las herramientas que nos dieron para trabajar en esta \u00e1rea. El tema de las energ\u00edas renovables es una tendencia y hay varias oportunidades de trabajo; pens\u00e9 que iba a ser m\u00e1s complicado, pero con las ganas y el apoyo s\u00ed se puede\u201d, asegur\u00f3.<\/p>\n<p>El curso \u201cElectricidad b\u00e1sica y energ\u00edas renovables\u201d fue dictado por el Organismo T\u00e9cnico de Capacitaci\u00f3n (OTEC) Capso Limitada. Su duraci\u00f3n fue de 250 horas y tuvo un costo total de 12 millones de pesos, financiados directamente por el Sename. Como parte del proceso, los j\u00f3venes recibieron un set de herramientas y dotaron al centro de justicia juvenil de un panel fotovoltaico, el cual alimenta el sector de cocina.<\/p>\n<p><img loading=\"lazy\" decoding=\"async\" class=\"alignnone size-full wp-image-2628\" src=\"https:\/\/autoconsumo.minenergia.cl\/wp-content\/uploads\/2018\/10\/sename-fv-2.jpg\" alt=\"\" width=\"660\" height=\"440\" srcset=\"https:\/\/autoconsumo.minenergia.cl\/wp-content\/uploads\/2018\/10\/sename-fv-2.jpg 660w, https:\/\/autoconsumo.minenergia.cl\/wp-content\/uploads\/2018\/10\/sename-fv-2-300x200.jpg 300w\" sizes=\"auto, (max-width: 660px) 100vw, 660px\" \/><br \/>\nFuente:\u00a0<a href=\"http:\/\/www.sename.cl\/web\/2018\/10\/18\/adolescentes-se-encaminan-a-la-reinsercion-social-con-cursos-de-electricidad-basica-y-energias-renovables\/\">http:\/\/www.sename.cl\/<\/a><\/p>\n","protected":false},"excerpt":{"rendered":"<p>Gracias a recursos del Servicio Nacional de Menores (Sename), ocho j\u00f3venes que se encuentran cumpliendo penas privativas de libertad pudieron capacitarse en esta \u00e1rea. La Regi\u00f3n de Coquimbo es un polo de generaci\u00f3n de energ\u00eda limpia. Las iniciativas que se desarrollan en esta materia son variadas y abren un campo laboral que exige una preparaci\u00f3n [&hellip;]<\/p>\n","protected":false},"author":3,"featured_media":2627,"comment_status":"open","ping_status":"open","sticky":false,"template":"","format":"standard","meta":{"footnotes":""},"categories":[3],"tags":[],"class_list":["post-2626","post","type-post","status-publish","format-standard","has-post-thumbnail","hentry","category-noticias"],"_links":{"self":[{"href":"https:\/\/autoconsumo.minenergia.cl\/index.php?rest_route=\/wp\/v2\/posts\/2626","targetHints":{"allow":["GET"]}}],"collection":[{"href":"https:\/\/autoconsumo.minenergia.cl\/index.php?rest_route=\/wp\/v2\/posts"}],"about":[{"href":"https:\/\/autoconsumo.minenergia.cl\/index.php?rest_route=\/wp\/v2\/types\/post"}],"author":[{"embeddable":true,"href":"https:\/\/autoconsumo.minenergia.cl\/index.php?rest_route=\/wp\/v2\/users\/3"}],"replies":[{"embeddable":true,"href":"https:\/\/autoconsumo.minenergia.cl\/index.php?rest_route=%2Fwp%2Fv2%2Fcomments&post=2626"}],"version-history":[{"count":1,"href":"https:\/\/autoconsumo.minenergia.cl\/index.php?rest_route=\/wp\/v2\/posts\/2626\/revisions"}],"predecessor-version":[{"id":2629,"href":"https:\/\/autoconsumo.minenergia.cl\/index.php?rest_route=\/wp\/v2\/posts\/2626\/revisions\/2629"}],"wp:featuredmedia":[{"embeddable":true,"href":"https:\/\/autoconsumo.minenergia.cl\/index.php?rest_route=\/wp\/v2\/media\/2627"}],"wp:attachment":[{"href":"https:\/\/autoconsumo.minenergia.cl\/index.php?rest_route=%2Fwp%2Fv2%2Fmedia&parent=2626"}],"wp:term":[{"taxonomy":"category","embeddable":true,"href":"https:\/\/autoconsumo.minenergia.cl\/index.php?rest_route=%2Fwp%2Fv2%2Fcategories&post=2626"},{"taxonomy":"post_tag","embeddable":true,"href":"https:\/\/autoconsumo.minenergia.cl\/index.php?rest_route=%2Fwp%2Fv2%2Ftags&post=2626"}],"curies":[{"name":"wp","href":"https:\/\/api.w.org\/{rel}","templated":true}]}}