{"id":2630,"date":"2018-10-19T11:57:57","date_gmt":"2018-10-19T11:57:57","guid":{"rendered":"http:\/\/www.minenergia.cl\/autoconsumo\/?p=2630"},"modified":"2018-10-19T11:57:57","modified_gmt":"2018-10-19T11:57:57","slug":"camara-baja-aprueba-proyecto-para-instalar-paneles-solares-en-nuevas-viviendas-sociales","status":"publish","type":"post","link":"https:\/\/autoconsumo.minenergia.cl\/?p=2630","title":{"rendered":"C\u00e1mara Baja aprueba proyecto para instalar paneles solares en nuevas viviendas sociales"},"content":{"rendered":"<p><img loading=\"lazy\" decoding=\"async\" class=\"alignnone size-full wp-image-2631\" src=\"https:\/\/autoconsumo.minenergia.cl\/wp-content\/uploads\/2018\/10\/CENTRO-ENERGIA-UC-9-540x350.jpg\" alt=\"\" width=\"540\" height=\"350\" srcset=\"https:\/\/autoconsumo.minenergia.cl\/wp-content\/uploads\/2018\/10\/CENTRO-ENERGIA-UC-9-540x350.jpg 540w, https:\/\/autoconsumo.minenergia.cl\/wp-content\/uploads\/2018\/10\/CENTRO-ENERGIA-UC-9-540x350-300x194.jpg 300w\" sizes=\"auto, (max-width: 540px) 100vw, 540px\" \/><\/p>\n<p>La iniciativa podr\u00eda significar un ahorro significativo en la cuenta de la luz y el gas para sus habitantes.<\/p>\n<p><strong><\/strong>La\u00a0<strong>C\u00e1mara de Diputados<\/strong>\u00a0aprob\u00f3 el proyecto que busca implementar paneles solares y otras medidas de acondicionamiento t\u00e9rmico en nuevas viviendas sociales del pa\u00eds.<\/p>\n<p>El proyecto presentado por el diputado PS, Juan Santana, se valid\u00f3 de manera un\u00e1nime con 133 votos a favor y ninguno en contra.<\/p>\n<p>El parlamentario destac\u00f3 que la aplicaci\u00f3n de la energ\u00eda solar en la Regi\u00f3n de Atacama ha permitido \u201cun ahorro significativo en la cuenta de la luz y de gas para nuestras familias\u201d.<\/p>\n<p>Seg\u00fan datos del Ministerio de Energ\u00eda, de los 2.418 MW de potencia que se producen en la regi\u00f3n, 912 MW son de origen solar. Adem\u00e1s, su producci\u00f3n aporta con un 11% del total al Sistema Interconectado Central.<\/p>\n<p>Santana asegur\u00f3 que se reunir\u00e1 con el ministro de Vivienda, Cristi\u00e1n Monckeberg, y la titular de Energ\u00eda, Susana Jim\u00e9nez, para que el Gobierno respalde la iniciativa.<\/p>\n<p>\u201cEspero que el Presidente Pi\u00f1era reciba y acoja este llamado que estamos haciendo de todas las bancadas y todas las regiones de poder incorporar al interior de las viviendas sociales para que de aqu\u00ed en adelante se construyan estos instrumentos que permiten un ahorro significativo\u201d, subray\u00f3.<\/p>\n<p>Fuente:\u00a0<a href=\"http:\/\/www.revistaei.cl\/2018\/10\/19\/camara-baja-aprueba-proyecto-instalar-paneles-solares-nuevas-viviendas-sociales\/\">http:\/\/www.revistaei.cl\/<\/a><\/p>\n","protected":false},"excerpt":{"rendered":"<p>La iniciativa podr\u00eda significar un ahorro significativo en la cuenta de la luz y el gas para sus habitantes. La\u00a0C\u00e1mara de Diputados\u00a0aprob\u00f3 el proyecto que busca implementar paneles solares y otras medidas de acondicionamiento t\u00e9rmico en nuevas viviendas sociales del pa\u00eds. El proyecto presentado por el diputado PS, Juan Santana, se valid\u00f3 de manera un\u00e1nime [&hellip;]<\/p>\n","protected":false},"author":3,"featured_media":2631,"comment_status":"open","ping_status":"open","sticky":false,"template":"","format":"standard","meta":{"footnotes":""},"categories":[3],"tags":[],"class_list":["post-2630","post","type-post","status-publish","format-standard","has-post-thumbnail","hentry","category-noticias"],"_links":{"self":[{"href":"https:\/\/autoconsumo.minenergia.cl\/index.php?rest_route=\/wp\/v2\/posts\/2630","targetHints":{"allow":["GET"]}}],"collection":[{"href":"https:\/\/autoconsumo.minenergia.cl\/index.php?rest_route=\/wp\/v2\/posts"}],"about":[{"href":"https:\/\/autoconsumo.minenergia.cl\/index.php?rest_route=\/wp\/v2\/types\/post"}],"author":[{"embeddable":true,"href":"https:\/\/autoconsumo.minenergia.cl\/index.php?rest_route=\/wp\/v2\/users\/3"}],"replies":[{"embeddable":true,"href":"https:\/\/autoconsumo.minenergia.cl\/index.php?rest_route=%2Fwp%2Fv2%2Fcomments&post=2630"}],"version-history":[{"count":1,"href":"https:\/\/autoconsumo.minenergia.cl\/index.php?rest_route=\/wp\/v2\/posts\/2630\/revisions"}],"predecessor-version":[{"id":2632,"href":"https:\/\/autoconsumo.minenergia.cl\/index.php?rest_route=\/wp\/v2\/posts\/2630\/revisions\/2632"}],"wp:featuredmedia":[{"embeddable":true,"href":"https:\/\/autoconsumo.minenergia.cl\/index.php?rest_route=\/wp\/v2\/media\/2631"}],"wp:attachment":[{"href":"https:\/\/autoconsumo.minenergia.cl\/index.php?rest_route=%2Fwp%2Fv2%2Fmedia&parent=2630"}],"wp:term":[{"taxonomy":"category","embeddable":true,"href":"https:\/\/autoconsumo.minenergia.cl\/index.php?rest_route=%2Fwp%2Fv2%2Fcategories&post=2630"},{"taxonomy":"post_tag","embeddable":true,"href":"https:\/\/autoconsumo.minenergia.cl\/index.php?rest_route=%2Fwp%2Fv2%2Ftags&post=2630"}],"curies":[{"name":"wp","href":"https:\/\/api.w.org\/{rel}","templated":true}]}}