{"id":2643,"date":"2018-10-22T11:44:01","date_gmt":"2018-10-22T11:44:01","guid":{"rendered":"http:\/\/www.minenergia.cl\/autoconsumo\/?p=2643"},"modified":"2018-10-22T15:55:54","modified_gmt":"2018-10-22T15:55:54","slug":"la-nueva-relacion-entre-energia-y-consumidor","status":"publish","type":"post","link":"https:\/\/autoconsumo.minenergia.cl\/?p=2643","title":{"rendered":"La nueva relaci\u00f3n entre energ\u00eda y consumidor"},"content":{"rendered":"<div class=\"wrap-content\">\n<h3 class=\"author fn\"><img loading=\"lazy\" decoding=\"async\" class=\"alignnone wp-image-2644\" src=\"https:\/\/autoconsumo.minenergia.cl\/wp-content\/uploads\/2018\/10\/Karla-Zapata-copia-110x147.jpg\" alt=\"\" width=\"169\" height=\"226\" \/><\/h3>\n<h4 class=\"author fn\">Karla Zapata, gerenta de Enel X Chile.<\/h4>\n<div class=\"entry-info\">\n<div class=\"note\">\n<p>La urbanizaci\u00f3n y el crecimiento demogr\u00e1fico de las ciudades nos invitan a reflexionar. M\u00e1s del 80% de la poblaci\u00f3n mundial vive en la ciudad y la proyecci\u00f3n indica que este fen\u00f3meno seguir\u00e1 en aumento.<\/p>\n<\/div>\n<\/div>\n<\/div>\n<p>En Enel X creemos que la energ\u00eda el\u00e9ctrica es la fuente de energ\u00eda m\u00e1s eficiente y sostenible para el desarrollo de las ciudades, pues tiene la ventaja de ser la \u00fanica que se puede generar desde el punto de consumo. Esto, a su vez, permite satisfacer necesidades de climatizaci\u00f3n, agua caliente, transporte, entre otros, sin generar contaminaci\u00f3n.<\/p>\n<p>Movilidad el\u00e9ctrica cero emisi\u00f3n, Netbilling o generaci\u00f3n fotovoltaica, alumbrado p\u00fablico LED, calefacci\u00f3n eficiente sin contaminaci\u00f3n intradomiciliaria y paneles solares para calentamiento de agua sanitaria, son algunas de las tecnolog\u00edas que ya son una realidad en el pa\u00eds y llegaron para quedarse.<\/p>\n<p>Sin embargo, a\u00fan estamos viviendo el proceso de una nueva forma de entendimiento y relaci\u00f3n entre los consumidores de energ\u00eda y la red el\u00e9ctrica propiamente tal. Ese proceso establece derechos a los usuarios en todos los segmentos, pero tambi\u00e9n deberes, principalmente relacionados a la seguridad y calidad, que necesitan ser comprendidos y puestos en pr\u00e1ctica por quienes libremente optan por acogerse a estas nuevas alternativas.<\/p>\n<p>Hay varias cosas y situaciones que ejemplifican c\u00f3mo el mundo est\u00e1 cambiando y c\u00f3mo nos estamos adaptando a las nuevas tecnolog\u00edas que hace a\u00f1os eran impensadas. Por ejemplo, desde la publicaci\u00f3n de la Ley 20.571 de generaci\u00f3n distribuida, los consumidores tienen la opci\u00f3n de instalar paneles fotovoltaicos para sus hogares y as\u00ed autogenerar su propia energ\u00eda y el excedente inyectarlo a la red y venderlo.<\/p>\n<p>Enel X se convirti\u00f3 en un actor relevante en proveer el servicio de sistemas fotovoltaicos para los hogares. Adem\u00e1s, implement\u00f3 el primer prototipo de ciudad inteligente de Chile, \u201cSmartcity Santiago\u201d.<\/p>\n<p>Iniciativas como estas, no solo permiten poner a prueba las tecnolog\u00edas del futuro, sino tambi\u00e9n recibir informaci\u00f3n en l\u00ednea para tomar mejores decisiones. En este sentido, redes y plataformas digitales interconectadas hacen posible un uso m\u00e1s eficiente de la energ\u00eda, contribuyendo a la productividad, rentabilidad e incluso, el control de costos, todos relacionados a la eficiencia energ\u00e9tica y la posibilidad de gestionar los consumos. De manera progresiva, tambi\u00e9n se ha ido integrando el sistema de medici\u00f3n inteligente.<\/p>\n<p>Hoy la movilidad el\u00e9ctrica ya es una realidad. Ha sido impulsada decididamente a trav\u00e9s alianzas p\u00fablico-privadas porque es una energ\u00eda limpia, eficiente y de menor precio en comparaci\u00f3n con otros combustibles. Pronto se integrar\u00e1n formalmente 100 buses el\u00e9ctricos al sistema de transporte p\u00fablico, ratificando el convencimiento del Gobierno que la electromovilidad es la tecnolog\u00eda del presente y futuro. Estamos convencidos que si trabajamos colaborativamente y alineados, tanto la empresa privada, el Gobierno y la comunidad, construiremos un entorno m\u00e1s amigable con el medio ambiente y una ciudad donde todos nos sintamos orgullosos de ser parte de ella.<\/p>\n<p>Fuente:\u00a0<a href=\"http:\/\/www.revistaei.cl\/columnas\/la-nueva-relacion-energia-consumidor\/\">http:\/\/www.revistaei.cl<\/a><\/p>\n<p>&nbsp;<\/p>\n","protected":false},"excerpt":{"rendered":"<p>Karla Zapata, gerenta de Enel X Chile. La urbanizaci\u00f3n y el crecimiento demogr\u00e1fico de las ciudades nos invitan a reflexionar. M\u00e1s del 80% de la poblaci\u00f3n mundial vive en la ciudad y la proyecci\u00f3n indica que este fen\u00f3meno seguir\u00e1 en aumento. En Enel X creemos que la energ\u00eda el\u00e9ctrica es la fuente de energ\u00eda m\u00e1s [&hellip;]<\/p>\n","protected":false},"author":3,"featured_media":2652,"comment_status":"open","ping_status":"open","sticky":false,"template":"","format":"standard","meta":{"footnotes":""},"categories":[3],"tags":[],"class_list":["post-2643","post","type-post","status-publish","format-standard","has-post-thumbnail","hentry","category-noticias"],"_links":{"self":[{"href":"https:\/\/autoconsumo.minenergia.cl\/index.php?rest_route=\/wp\/v2\/posts\/2643","targetHints":{"allow":["GET"]}}],"collection":[{"href":"https:\/\/autoconsumo.minenergia.cl\/index.php?rest_route=\/wp\/v2\/posts"}],"about":[{"href":"https:\/\/autoconsumo.minenergia.cl\/index.php?rest_route=\/wp\/v2\/types\/post"}],"author":[{"embeddable":true,"href":"https:\/\/autoconsumo.minenergia.cl\/index.php?rest_route=\/wp\/v2\/users\/3"}],"replies":[{"embeddable":true,"href":"https:\/\/autoconsumo.minenergia.cl\/index.php?rest_route=%2Fwp%2Fv2%2Fcomments&post=2643"}],"version-history":[{"count":4,"href":"https:\/\/autoconsumo.minenergia.cl\/index.php?rest_route=\/wp\/v2\/posts\/2643\/revisions"}],"predecessor-version":[{"id":2656,"href":"https:\/\/autoconsumo.minenergia.cl\/index.php?rest_route=\/wp\/v2\/posts\/2643\/revisions\/2656"}],"wp:featuredmedia":[{"embeddable":true,"href":"https:\/\/autoconsumo.minenergia.cl\/index.php?rest_route=\/wp\/v2\/media\/2652"}],"wp:attachment":[{"href":"https:\/\/autoconsumo.minenergia.cl\/index.php?rest_route=%2Fwp%2Fv2%2Fmedia&parent=2643"}],"wp:term":[{"taxonomy":"category","embeddable":true,"href":"https:\/\/autoconsumo.minenergia.cl\/index.php?rest_route=%2Fwp%2Fv2%2Fcategories&post=2643"},{"taxonomy":"post_tag","embeddable":true,"href":"https:\/\/autoconsumo.minenergia.cl\/index.php?rest_route=%2Fwp%2Fv2%2Ftags&post=2643"}],"curies":[{"name":"wp","href":"https:\/\/api.w.org\/{rel}","templated":true}]}}