{"id":2662,"date":"2018-11-06T19:29:45","date_gmt":"2018-11-06T19:29:45","guid":{"rendered":"http:\/\/www.minenergia.cl\/autoconsumo\/?p=2662"},"modified":"2018-11-06T19:29:45","modified_gmt":"2018-11-06T19:29:45","slug":"agricultores-de-vitor-lanzaron-vitorsol-cooperativa-de-productos-agricolas-deshidratados","status":"publish","type":"post","link":"https:\/\/autoconsumo.minenergia.cl\/?p=2662","title":{"rendered":"Agricultores de Vitor lanzaron \u201cVitorSol\u201d, cooperativa de productos agr\u00edcolas deshidratados"},"content":{"rendered":"<p><strong><img loading=\"lazy\" decoding=\"async\" class=\"alignnone size-full wp-image-2663\" src=\"https:\/\/autoconsumo.minenergia.cl\/wp-content\/uploads\/2018\/11\/Inauguracio\u0301nVitor3-1024x683.jpg\" alt=\"\" width=\"1024\" height=\"683\" srcset=\"https:\/\/autoconsumo.minenergia.cl\/wp-content\/uploads\/2018\/11\/Inauguracio\u0301nVitor3-1024x683.jpg 1024w, https:\/\/autoconsumo.minenergia.cl\/wp-content\/uploads\/2018\/11\/Inauguracio\u0301nVitor3-1024x683-300x200.jpg 300w, https:\/\/autoconsumo.minenergia.cl\/wp-content\/uploads\/2018\/11\/Inauguracio\u0301nVitor3-1024x683-768x512.jpg 768w, https:\/\/autoconsumo.minenergia.cl\/wp-content\/uploads\/2018\/11\/Inauguracio\u0301nVitor3-1024x683-660x440.jpg 660w\" sizes=\"auto, (max-width: 1024px) 100vw, 1024px\" \/><\/strong><\/p>\n<p><em>Con el certificado de vigencia que entrega el Ministerio de Econom\u00eda se lanz\u00f3 VitorSol, cooperativa de productos deshidratados de agricultores del Valle de Vitor-Chaca, que forma parte de los Proyectos de Referencia de Ayllu Solar.<\/em><span id=\"more-9190\"><\/span><\/p>\n<p>Con la visita especial de\u00a0<strong>Alejandra Garc\u00e9s, directora del programa Chile de Fundaci\u00f3n BHP y el Comit\u00e9 Consultivo del proyecto Ayllu Solar m\u00e1s el Seremi de Energ\u00eda,\u00a0<\/strong>VitorSol realiz\u00f3 el lanzamiento de la cooperativa con el apoyo absoluto de Ayllu Solar.<\/p>\n<p>En una significativa ceremonia,\u00a0<strong>Fernando Arce gerente de VitorSol<\/strong>, mostr\u00f3 el certificado de vigencia que entrega el Ministerio de Econom\u00eda y que respalda la constituci\u00f3n absoluta de la Cooperativa. Para Arce, \u201c\u00e9sta es una experiencia bastante bonita, recibir las palabras de apoyo y de aliento de los socios al momento de constituir la cooperativa nos da aliento para seguir adelante. Con el certificado de vigencia cumplimos un hito que anhel\u00e1bamos y ya estamos en condiciones de empezar a negociar con clientes\u201d, indic\u00f3.<\/p>\n<p>En la ceremonia tambi\u00e9n estuvieron presentes, Paul Landon, Francisca Rivero y Guillermo Chong, integrantes del\u00a0<strong>Comit\u00e9 Consultivo de Ayllu Solar, que celebr\u00f3 su quinta reuni\u00f3n bianual en la ciudad de Arica.\u00a0<\/strong>Paul Landon, asegur\u00f3 estar \u201cfrancamente muy contento. Yo conoc\u00ed Vitor hace treinta a\u00f1os y ver esto ahora es un avance gigante, un rescate de t\u00e9cnicas ancestrales porque el deshidratado es parte de la historia de esta zona. Y este proyecto tiene eso, el aprovechamiento del sol y el rescate de la historia con estos productos\u201d, indic\u00f3 y<strong>\u00a0destac\u00f3 el apoyo del Proyecto Ayllu Solar \u201cen potenciar las asociaciones que se han ido perdiendo, entonces rescatar este mundo de la comunidad es lo interesante. Este es un momento muy especial tanto para la comunidad como para Ayllu Solar\u201d, finaliz\u00f3.<\/strong><\/p>\n<p><strong>Para Alejandra Garc\u00e9s, directora del Programa Chile de Fundaci\u00f3n BHP,<\/strong>este lanzamiento \u201ces el trabajo arduo y mancomunado tanto de Ayllu Solar como de los socios de la cooperativa que creyeron en este proyecto y los beneficios que les traer\u00e1 a la comunidad\u201d.<\/p>\n<p>Durante la ceremonia de inauguraci\u00f3n, los primeros aj\u00edes deshidratados fueron presentados y entregados a las autoridades y asistentes. Esta es la primera producci\u00f3n de\u00a0<strong>VitorSol\u00a0<\/strong>que constitu\u00eda una muestra de 40 kg y que fue un\u00a0\u00e9xito, llamando la atenci\u00f3n de las empresas con las que la Cooperativa ha estado en conversaciones y que ya est\u00e1n solicitando productos.<\/p>\n<p>La ceremonia finaliz\u00f3 con el tradicional corte de cinta, en la que participaron los 31 socios de la Cooperativa y que disfrutaron posteriormente de una recepci\u00f3n de celebraci\u00f3n.<\/p>\n<p><strong>El proyecto \u201cProcesamiento de productos agr\u00edcolas con energ\u00eda solar en Valle de Vitor y Chaca\u201d, forma parte de los proyectos de referencia que Ayllu Solar est\u00e1 implementado en la regi\u00f3n con el objetivo de promover el desarrollo econ\u00f3mico sustentable a trav\u00e9s del uso de la energ\u00eda solar.<\/strong><\/p>\n<p><strong>Acerca de Ayllu Solar:\u00a0<\/strong>El proyecto Ayllu Solar es una iniciativa desarrollada por\u00a0<strong>SERC-Chile, \u00a0con el apoyo de Fundaci\u00f3n BHP\u00a0y Fundaci\u00f3n Chile como socios estrat\u00e9gicos.\u00a0<\/strong>Su objetivo es colaborar con la Regi\u00f3n de Arica y Parinacota para que las comunidades urbanas y rurales de la regi\u00f3n alcancen el desarrollo sustentable a trav\u00e9s del uso de la energ\u00eda solar; el proceso se basa en soluciones energ\u00e9ticas, de capital humano y sustentabilidad.<\/p>\n<p>Fuente:\u00a0<a href=\"http:\/\/elreporterodeiquique.com\/agricultores-de-vitor-lanzaron-vitorsol-cooperativa-de-productos-agricolas-deshidratados\/\">http:\/\/elreporterodeiquique.com<\/a><\/p>\n<p>&nbsp;<\/p>\n","protected":false},"excerpt":{"rendered":"<p>Con el certificado de vigencia que entrega el Ministerio de Econom\u00eda se lanz\u00f3 VitorSol, cooperativa de productos deshidratados de agricultores del Valle de Vitor-Chaca, que forma parte de los Proyectos de Referencia de Ayllu Solar. Con la visita especial de\u00a0Alejandra Garc\u00e9s, directora del programa Chile de Fundaci\u00f3n BHP y el Comit\u00e9 Consultivo del proyecto Ayllu [&hellip;]<\/p>\n","protected":false},"author":3,"featured_media":2663,"comment_status":"open","ping_status":"open","sticky":false,"template":"","format":"standard","meta":{"footnotes":""},"categories":[3],"tags":[],"class_list":["post-2662","post","type-post","status-publish","format-standard","has-post-thumbnail","hentry","category-noticias"],"_links":{"self":[{"href":"https:\/\/autoconsumo.minenergia.cl\/index.php?rest_route=\/wp\/v2\/posts\/2662","targetHints":{"allow":["GET"]}}],"collection":[{"href":"https:\/\/autoconsumo.minenergia.cl\/index.php?rest_route=\/wp\/v2\/posts"}],"about":[{"href":"https:\/\/autoconsumo.minenergia.cl\/index.php?rest_route=\/wp\/v2\/types\/post"}],"author":[{"embeddable":true,"href":"https:\/\/autoconsumo.minenergia.cl\/index.php?rest_route=\/wp\/v2\/users\/3"}],"replies":[{"embeddable":true,"href":"https:\/\/autoconsumo.minenergia.cl\/index.php?rest_route=%2Fwp%2Fv2%2Fcomments&post=2662"}],"version-history":[{"count":1,"href":"https:\/\/autoconsumo.minenergia.cl\/index.php?rest_route=\/wp\/v2\/posts\/2662\/revisions"}],"predecessor-version":[{"id":2664,"href":"https:\/\/autoconsumo.minenergia.cl\/index.php?rest_route=\/wp\/v2\/posts\/2662\/revisions\/2664"}],"wp:featuredmedia":[{"embeddable":true,"href":"https:\/\/autoconsumo.minenergia.cl\/index.php?rest_route=\/wp\/v2\/media\/2663"}],"wp:attachment":[{"href":"https:\/\/autoconsumo.minenergia.cl\/index.php?rest_route=%2Fwp%2Fv2%2Fmedia&parent=2662"}],"wp:term":[{"taxonomy":"category","embeddable":true,"href":"https:\/\/autoconsumo.minenergia.cl\/index.php?rest_route=%2Fwp%2Fv2%2Fcategories&post=2662"},{"taxonomy":"post_tag","embeddable":true,"href":"https:\/\/autoconsumo.minenergia.cl\/index.php?rest_route=%2Fwp%2Fv2%2Ftags&post=2662"}],"curies":[{"name":"wp","href":"https:\/\/api.w.org\/{rel}","templated":true}]}}