{"id":2665,"date":"2018-11-02T19:35:33","date_gmt":"2018-11-02T19:35:33","guid":{"rendered":"http:\/\/www.minenergia.cl\/autoconsumo\/?p=2665"},"modified":"2018-11-06T19:41:00","modified_gmt":"2018-11-06T19:41:00","slug":"3-000-mega-watts-extras-se-pueden-generar-en-el-maule","status":"publish","type":"post","link":"https:\/\/autoconsumo.minenergia.cl\/?p=2665","title":{"rendered":"3.000 Mega Watts extras se pueden generar en el Maule"},"content":{"rendered":"<h1><img loading=\"lazy\" decoding=\"async\" class=\"alignnone size-full wp-image-2666\" src=\"https:\/\/autoconsumo.minenergia.cl\/wp-content\/uploads\/2018\/11\/cartera-de-proyectos-energeticos-supera-la-capacidad-instalada-de-la-region.jpg\" alt=\"\" width=\"800\" height=\"534\" srcset=\"https:\/\/autoconsumo.minenergia.cl\/wp-content\/uploads\/2018\/11\/cartera-de-proyectos-energeticos-supera-la-capacidad-instalada-de-la-region.jpg 800w, https:\/\/autoconsumo.minenergia.cl\/wp-content\/uploads\/2018\/11\/cartera-de-proyectos-energeticos-supera-la-capacidad-instalada-de-la-region-300x200.jpg 300w, https:\/\/autoconsumo.minenergia.cl\/wp-content\/uploads\/2018\/11\/cartera-de-proyectos-energeticos-supera-la-capacidad-instalada-de-la-region-768x513.jpg 768w, https:\/\/autoconsumo.minenergia.cl\/wp-content\/uploads\/2018\/11\/cartera-de-proyectos-energeticos-supera-la-capacidad-instalada-de-la-region-660x441.jpg 660w\" sizes=\"auto, (max-width: 800px) 100vw, 800px\" \/><\/h1>\n<h1>Cartera de proyectos energ\u00e9ticos supera la capacidad instalada de la regi\u00f3n<\/h1>\n<p class=\"resumen\">Ministra de Energ\u00eda, Susana Jim\u00e9nez, en su visita a la regi\u00f3n dio a conocer el inter\u00e9s existente de las empresas generadoras que buscan invertir en energ\u00edas limpias. Actualmente el Maule aporta al Sistema Interconectado Central (SIC), mil 800 mega watts.<\/p>\n<p>TALCA.- La generaci\u00f3n de energ\u00eda es fundamental para el desarrollo del pa\u00eds, sobre todo si es renovable y limpia. En este sentido la Regi\u00f3n del Maule es una de las que concentra el mayor n\u00famero de plantas generadoras, en su mayor\u00eda h\u00eddricas. La ministra de Energ\u00eda, Susana Jim\u00e9nez, en su visita a la regi\u00f3n se\u00f1al\u00f3 que para el Maule existen diversos proyectos de generaci\u00f3n que superan incluso a la actual capacidad instalada. \u201cHay un catastro de proyectos importantes que bordean los 3 mil mega watts, y estos son de distintas tecnolog\u00edas, pero mayoritariamente h\u00eddricas, pero tambi\u00e9n solares y algunas otras opciones. Pero, lo importante es que hay un inter\u00e9s de desarrollo de proyectos en distintas etapas, y creemos que la regi\u00f3n va a seguir siendo un lugar para invertir y aportar al pa\u00eds\u201d.<\/p>\n<p>La secretaria de Estado agreg\u00f3 que \u201cla Regi\u00f3n del Maule lo que genera hoy d\u00eda es del orden de mil 800 mega watts, es decir la cartera de proyectos que hay supera la capacidad existente, pero eso no quiere decir que todos esos proyectos se vayan a desarrollar, pero lo interesante es que hay proyectos, en donde muchos de ellos ya cuentan con su aprobaci\u00f3n ambiental, y por lo tanto sabemos que el desarrollo est\u00e1 a la vista y es una transici\u00f3n a la generaci\u00f3n de energ\u00eda cada d\u00eda m\u00e1s limpia\u201d.<\/p>\n<p>REGI\u00d3N\u00a0GENERADORA<br \/>\nEl Maule es reconocida como una fuente generadora de energ\u00eda, de las cuales la mayor\u00eda son Energ\u00edas Renovable No Convencionales (ERNC), y que buscan justamente convivir con la poblaci\u00f3n. Una de las mayores preocupaciones de la ministra Jim\u00e9nez es que cada proyecto de generaci\u00f3n debe ser limpio y renovable. \u201cEl Maule es una regi\u00f3n con una vocaci\u00f3n muy fuerte en la hidroelectricidad, y en ese sentido es una regi\u00f3n generadora neta, que genera m\u00e1s de lo que consume y aporta al sistema el\u00e9ctrico nacional energ\u00eda renovable y limpia; que es justamente la energ\u00eda basada en las fuentes h\u00eddricas. Hoy en d\u00eda lo que estamos viendo es que se abren carteras de proyectos de otras fuentes de energ\u00eda renovable como lo es la solar, y por lo tanto vemos que puede ser una fuente de diversificaci\u00f3n para la regi\u00f3n, pero siempre manteniendo esa vocaci\u00f3n renovable que la caracteriza\u201d, detall\u00f3.<\/p>\n<p><strong>LA GENERACI\u00d3N DISTRIBUIDA\u00a0<\/strong><br \/>\n<strong>Poder generar energ\u00eda con paneles fotovoltaicos a un bajo costo o recuperar la inversi\u00f3n en un tiempo menor ya es posible, seg\u00fan explic\u00f3 Jim\u00e9nez. \u201cNosotros en esa materia acabamos de aprobar un proyecto de ley de generaci\u00f3n distribuida, que se refiere a la generaci\u00f3n y producci\u00f3n de energ\u00eda para autoconsumo, que va desde los hogares, pero ampli\u00e1ndolo a un universo de establecimiento m\u00e1s grandes, como pueden ser peque\u00f1as industrias, comercio, hospitales; por cuanto se estableci\u00f3 un l\u00edmite m\u00e1s alto de generaci\u00f3n de energ\u00eda para acogerse a este sistema. Esta es una buena noticia, porque junto con esta nueva normativa que fue aprobada por una unanimidad en la C\u00e1mara de Diputados y pr\u00e1cticamente por una unanimidad en el Senado, porque tuvo 29 votos a favor, ninguno en contra y 2 abstenciones, por lo tanto, convoc\u00f3 mucho consenso, ya que busca justamente promover una generaci\u00f3n distribuida a lo largo y ancho del pa\u00eds\u201d, explic\u00f3.<\/strong><\/p>\n<p>Agreg\u00f3 que \u201ces verdad que la inversi\u00f3n no es menos e importante, pero lo que he observado en los \u00faltimos a\u00f1os, es una ca\u00edda importante en los costos y tambi\u00e9n una mayor eficiencia de estos paneles, por lo tanto, cada d\u00eda que pasa la recuperaci\u00f3n de inversi\u00f3n es en menos a\u00f1os. Estamos bastantes optimistas que esto va hacer un impulso dado la potencialidad de energ\u00eda solar que tiene nuestro pa\u00eds, va hacer una alternativa accesible para nuestros hogares\u201d.<\/p>\n<p>AGRICULTURA Y GENERACI\u00d3N<br \/>\nChile necesita energ\u00eda limpia y competitiva, pero generarla no es sencillo, ya que interact\u00faan diferentes sectores, y en el Maule no es la excepci\u00f3n, ya que la agricultura es uno de los motores productivos por excelencia. Al respecto, la secretaria de Estado sostuvo que ambos sectores pueden convivir perfectamente. \u201cHay que destacar dos cosas, la relaci\u00f3n entre energ\u00eda y el sector agr\u00edcola a peque\u00f1a escala, y ah\u00ed se trabaja fuertemente para sacar adelante proyectos de autoconsumo a nivel de actividad agr\u00edcola, y como Ministerio y a trav\u00e9s de las serem\u00edas hemos estado muy activos para hacer m\u00e1s masiva la posibilidad de tener micro turbinas a nivel de canales, o incluso otras alternativas de energ\u00eda renovables para el autoconsumo de la actividad productiva\u201d.<\/p>\n<p>Agreg\u00f3 que \u201ca mayor escala, sabemos evidentemente el desarrollo de las centrales hidroel\u00e9ctricas, existen di\u00e1logos necesarios con el mundo de los regantes, y por lo tanto, nuestra propuesta es fomentar ese di\u00e1logo temprano para llegar a acuerdos de mutua conveniencia, ac\u00e1 se trata de generar energ\u00eda limpia y competitiva que ayuda al desarrollo productivo del pa\u00eds, pero tambi\u00e9n, evidentemente tiene que ir de la mano con la potencialidad agr\u00edcola que tiene esta regi\u00f3n y la potencialidad que hay sobre el recurso h\u00eddrico y c\u00f3mo pueden compartirse para que puedan servir en ambas actividades\u201d.<\/p>\n<p>Fuente:\u00a0<a href=\"http:\/\/www.diarioelcentro.cl\/noticias\/economia\/cartera-de-proyectos-energeticos-supera-la-capacidad-instalada-de-la-region\">http:\/\/www.diarioelcentro.cl\/<\/a><\/p>\n","protected":false},"excerpt":{"rendered":"<p>Cartera de proyectos energ\u00e9ticos supera la capacidad instalada de la regi\u00f3n Ministra de Energ\u00eda, Susana Jim\u00e9nez, en su visita a la regi\u00f3n dio a conocer el inter\u00e9s existente de las empresas generadoras que buscan invertir en energ\u00edas limpias. Actualmente el Maule aporta al Sistema Interconectado Central (SIC), mil 800 mega watts. TALCA.- La generaci\u00f3n de [&hellip;]<\/p>\n","protected":false},"author":3,"featured_media":2666,"comment_status":"open","ping_status":"open","sticky":false,"template":"","format":"standard","meta":{"footnotes":""},"categories":[3],"tags":[],"class_list":["post-2665","post","type-post","status-publish","format-standard","has-post-thumbnail","hentry","category-noticias"],"_links":{"self":[{"href":"https:\/\/autoconsumo.minenergia.cl\/index.php?rest_route=\/wp\/v2\/posts\/2665","targetHints":{"allow":["GET"]}}],"collection":[{"href":"https:\/\/autoconsumo.minenergia.cl\/index.php?rest_route=\/wp\/v2\/posts"}],"about":[{"href":"https:\/\/autoconsumo.minenergia.cl\/index.php?rest_route=\/wp\/v2\/types\/post"}],"author":[{"embeddable":true,"href":"https:\/\/autoconsumo.minenergia.cl\/index.php?rest_route=\/wp\/v2\/users\/3"}],"replies":[{"embeddable":true,"href":"https:\/\/autoconsumo.minenergia.cl\/index.php?rest_route=%2Fwp%2Fv2%2Fcomments&post=2665"}],"version-history":[{"count":1,"href":"https:\/\/autoconsumo.minenergia.cl\/index.php?rest_route=\/wp\/v2\/posts\/2665\/revisions"}],"predecessor-version":[{"id":2667,"href":"https:\/\/autoconsumo.minenergia.cl\/index.php?rest_route=\/wp\/v2\/posts\/2665\/revisions\/2667"}],"wp:featuredmedia":[{"embeddable":true,"href":"https:\/\/autoconsumo.minenergia.cl\/index.php?rest_route=\/wp\/v2\/media\/2666"}],"wp:attachment":[{"href":"https:\/\/autoconsumo.minenergia.cl\/index.php?rest_route=%2Fwp%2Fv2%2Fmedia&parent=2665"}],"wp:term":[{"taxonomy":"category","embeddable":true,"href":"https:\/\/autoconsumo.minenergia.cl\/index.php?rest_route=%2Fwp%2Fv2%2Fcategories&post=2665"},{"taxonomy":"post_tag","embeddable":true,"href":"https:\/\/autoconsumo.minenergia.cl\/index.php?rest_route=%2Fwp%2Fv2%2Ftags&post=2665"}],"curies":[{"name":"wp","href":"https:\/\/api.w.org\/{rel}","templated":true}]}}