{"id":2671,"date":"2018-11-07T12:28:53","date_gmt":"2018-11-07T12:28:53","guid":{"rendered":"http:\/\/www.minenergia.cl\/autoconsumo\/?p=2671"},"modified":"2018-11-07T12:29:37","modified_gmt":"2018-11-07T12:29:37","slug":"inauguran-primera-planta-de-generacion-de-energia-en-base-a-gasificacion-de-biomasa-del-pais","status":"publish","type":"post","link":"https:\/\/autoconsumo.minenergia.cl\/?p=2671","title":{"rendered":"Inauguran primera planta de 30 kWe generaci\u00f3n de energ\u00eda en base a gasificaci\u00f3n de biomasa del pa\u00eds"},"content":{"rendered":"<p><img loading=\"lazy\" decoding=\"async\" class=\"alignnone size-full wp-image-2672\" src=\"https:\/\/autoconsumo.minenergia.cl\/wp-content\/uploads\/2018\/11\/planta-gasificacion.jpg\" alt=\"\" width=\"374\" height=\"243\" srcset=\"https:\/\/autoconsumo.minenergia.cl\/wp-content\/uploads\/2018\/11\/planta-gasificacion.jpg 374w, https:\/\/autoconsumo.minenergia.cl\/wp-content\/uploads\/2018\/11\/planta-gasificacion-300x195.jpg 300w\" sizes=\"auto, (max-width: 374px) 100vw, 374px\" \/><\/p>\n<p>El proceso de gasificaci\u00f3n no es contaminante, los \u00fanicos residuos son vapor de agua y biocarb\u00f3n rico en nutrientes, el cual tiene aplicaciones agr\u00edcolas.<\/p>\n<p>En dependencias de Comercial San Crist\u00f3bal, fue inaugurada la primera planta de generaci\u00f3n de energ\u00eda en base a gasificaci\u00f3n de biomasa del pa\u00eds, iniciativa apoyada por Corfo y desarrollada por Energy 220, la cual est\u00e1 conectada y entregando energ\u00eda a la red el\u00e9ctrica.<\/p>\n<p>El proyecto de generaci\u00f3n de energ\u00eda en base a biomasa, es una tecnolog\u00eda que aborda tres grandes desaf\u00edos que enfrenta la regi\u00f3n de Ays\u00e9n: la contaminaci\u00f3n ambiental de su capital; la creaci\u00f3n de fuentes de energ\u00edas limpias, renovables y constantes; y la gesti\u00f3n de residuos madereros y forestales.<\/p>\n<p>Lucas Gorro\u00f1o Judell, Director Ejecutivo de Energy 220, explic\u00f3 que a trav\u00e9s de un proceso de gasificaci\u00f3n de madera, la tecnolog\u00eda produce gas a partir de deshechos forestales y madereros (biomasa) el que utiliza para generar energ\u00eda el\u00e9ctrica y t\u00e9rmica en un cogenerador. Dicho proceso no es contaminante, pues los \u00fanicos residuos son vapor de agua y biocarb\u00f3n rico en nutrientes, que a su vez tiene aplicaciones agr\u00edcolas.<\/p>\n<p>Junto con destacar que esta es la primera planta que se instala en el pa\u00eds, Gorro\u00f1o explic\u00f3 su viabilidad en la regi\u00f3n y pa\u00eds. \u201cEste es un sistema absolutamente viable que requiere un nivel de escalamiento que permita por un lado, el acceso a recursos, es decir a materia prima a bajo costo, y por otro lado, una transici\u00f3n, especialmente por la calefacci\u00f3n dado que se requiere un nivel de aislaci\u00f3n t\u00e9rmica de las viviendas, que con las construcci\u00f3n nuevas ya existe, lo que nos permite pensar en calefacci\u00f3n distrital. Si pensamos en proyectos de esta magnitud, se justifica plenamente esta tecnolog\u00eda\u201d.<\/p>\n<p>Marcelo Solis Berrocal, Gerente de Comercial San Crist\u00f3bal MTS, junto con agradecer a Energy220 en hacerlos partes de la instalaci\u00f3n de este prototipo, puso en valor el rol del sector privado en el proceso de descontaminaci\u00f3n. \u201cComo empresa regional estamos comprometidos con la descontaminaci\u00f3n de Coyhaique que no solo se basa en no usar le\u00f1a, sino que tambi\u00e9n en aislar bien su casa, en tener un sistema el\u00e9ctrico sustentable, entre otros. Y en este caso, lo que nos plantearon cumpl\u00eda con todas estas caracter\u00edsticas y estuvimos de acuerdo de poder participar. Como privados hemos colaborado en todo lo que hemos podido y ahora nos queda demostrar que se pueden hacer cosas nuevas y no solo depender de las pol\u00edticas p\u00fablicas\u201d, se\u00f1al\u00f3.<\/p>\n<p>Por su parte, Enrique Gar\u00edn L\u00f3pez, director de Corfo Ays\u00e9n, destac\u00f3 que la iniciativa forma parte del programa de Innovaci\u00f3n Tecnol\u00f3gica Empresarial, en la l\u00ednea de Prototipos de Innovaci\u00f3n en productos y procesos, que busca contribuir a la descontaminaci\u00f3n de la ciudad. \u201cComo Corfo cumplimos dos funciones apoyando esta iniciativa: dar vuelta la matriz de inversiones que actualmente es 80% p\u00fablica y 20% privada y, por otro lado, transformarnos en socios estrat\u00e9gicos en dar soluci\u00f3n al problema de la contaminaci\u00f3n de Coyhaique a trav\u00e9s de este proyecto innovador que busca diversificar la matriz energ\u00e9tica. Sabemos que el esfuerzo lo hace Lucas como empresario en sociedad con Comercial San Crist\u00f3bal y como Corfo nos sentimos orgullosos de presentar este tipo de proyectos que tiene un impacto regional, tanto en el cambio en la matriz de inversi\u00f3n, como en descontaminar nuestra ciudad\u201d, manifest\u00f3.<\/p>\n<p><strong>PROYECTO<\/strong><\/p>\n<p><strong>Hoy la planta est\u00e1 generando 30KW de electricidad, usados en las aplicaciones comerciales e industriales de Comercial San Crist\u00f3bal as\u00ed como inyecci\u00f3n del remanente a la red de Edelays\u00e9n, generando 60kw t\u00e9rmicos para calefacci\u00f3n de las oficinas y salas de ventas<\/strong>. Esto significa al a\u00f1o reemplazar 60.000 litros de di\u00e9sel para generaci\u00f3n el\u00e9ctrica y 400 metros c\u00fabicos de le\u00f1a para calefacci\u00f3n. \u201cCon esta planta comprobamos que la tecnolog\u00eda y el modelo de negocios es una alternativa limpia a la le\u00f1a y el di\u00e9sel, que sientan las bases para una expansi\u00f3n e implementaci\u00f3n de nuevas plantas, con aplicaci\u00f3n a proyectos industriales, comerciales, institucionales y habitacionales\u201d, explic\u00f3 Gorro\u00f1o.<\/p>\n<p>El potencial de este tipo de plantas es que pueden ser utilizadas para reemplazar generadores di\u00e9sel como energ\u00eda base en regiones con alta densidad de biomasa como residuo, contrarrestando la inestabilidad de otras energ\u00edas renovables por causa de suministros inconsistentes, como vientos arrachados y sequ\u00edas. A diferencia de las energ\u00edas e\u00f3licas o h\u00eddricas, la biomasa puede ser acopiada para entregar un suministro de energ\u00eda constante. De esta forma, se diversifica la matriz energ\u00e9tica con una suma de impactos positivos sociales, medioambientales y de desarrollo econ\u00f3mico.<\/p>\n<p>La regi\u00f3n de Ays\u00e9n cuenta con una gran cantidad deshechos forestales los cuales muchas veces son un desaf\u00edo gestionar pero que resultan ser la materia prima perfecta para esta tecnolog\u00eda. Esto incluye los deshechos de planes de manejo forestal para prevenir incendios, limpias para mantener praderas agr\u00edcolas, cuidado de caminos, entre otros.<\/p>\n<p>Fuente:\u00a0<a href=\"http:\/\/www.vientopatagon.cl\/2018\/11\/inauguran-primera-planta-de-generacion-de-energia-en-base-a-gasificacion-de-biomasa-del-pais\/\">http:\/\/www.vientopatagon.cl<\/a><\/p>\n","protected":false},"excerpt":{"rendered":"<p>El proceso de gasificaci\u00f3n no es contaminante, los \u00fanicos residuos son vapor de agua y biocarb\u00f3n rico en nutrientes, el cual tiene aplicaciones agr\u00edcolas. En dependencias de Comercial San Crist\u00f3bal, fue inaugurada la primera planta de generaci\u00f3n de energ\u00eda en base a gasificaci\u00f3n de biomasa del pa\u00eds, iniciativa apoyada por Corfo y desarrollada por Energy [&hellip;]<\/p>\n","protected":false},"author":3,"featured_media":2672,"comment_status":"open","ping_status":"open","sticky":false,"template":"","format":"standard","meta":{"footnotes":""},"categories":[3],"tags":[],"class_list":["post-2671","post","type-post","status-publish","format-standard","has-post-thumbnail","hentry","category-noticias"],"_links":{"self":[{"href":"https:\/\/autoconsumo.minenergia.cl\/index.php?rest_route=\/wp\/v2\/posts\/2671","targetHints":{"allow":["GET"]}}],"collection":[{"href":"https:\/\/autoconsumo.minenergia.cl\/index.php?rest_route=\/wp\/v2\/posts"}],"about":[{"href":"https:\/\/autoconsumo.minenergia.cl\/index.php?rest_route=\/wp\/v2\/types\/post"}],"author":[{"embeddable":true,"href":"https:\/\/autoconsumo.minenergia.cl\/index.php?rest_route=\/wp\/v2\/users\/3"}],"replies":[{"embeddable":true,"href":"https:\/\/autoconsumo.minenergia.cl\/index.php?rest_route=%2Fwp%2Fv2%2Fcomments&post=2671"}],"version-history":[{"count":2,"href":"https:\/\/autoconsumo.minenergia.cl\/index.php?rest_route=\/wp\/v2\/posts\/2671\/revisions"}],"predecessor-version":[{"id":2675,"href":"https:\/\/autoconsumo.minenergia.cl\/index.php?rest_route=\/wp\/v2\/posts\/2671\/revisions\/2675"}],"wp:featuredmedia":[{"embeddable":true,"href":"https:\/\/autoconsumo.minenergia.cl\/index.php?rest_route=\/wp\/v2\/media\/2672"}],"wp:attachment":[{"href":"https:\/\/autoconsumo.minenergia.cl\/index.php?rest_route=%2Fwp%2Fv2%2Fmedia&parent=2671"}],"wp:term":[{"taxonomy":"category","embeddable":true,"href":"https:\/\/autoconsumo.minenergia.cl\/index.php?rest_route=%2Fwp%2Fv2%2Fcategories&post=2671"},{"taxonomy":"post_tag","embeddable":true,"href":"https:\/\/autoconsumo.minenergia.cl\/index.php?rest_route=%2Fwp%2Fv2%2Ftags&post=2671"}],"curies":[{"name":"wp","href":"https:\/\/api.w.org\/{rel}","templated":true}]}}